{"id":8072,"date":"2011-06-21T13:39:09","date_gmt":"2011-06-21T12:39:09","guid":{"rendered":"https:\/\/blogs.fu-berlin.de\/bibliotheken\/?p=8072"},"modified":"2011-06-21T14:01:21","modified_gmt":"2011-06-21T13:01:21","slug":"impressionen-von-der-langen-nacht-der-bibliotheken-am-8-6-2011","status":"publish","type":"post","link":"https:\/\/blogs.fu-berlin.de\/bibliotheken\/2011\/06\/21\/impressionen-von-der-langen-nacht-der-bibliotheken-am-8-6-2011\/","title":{"rendered":"Impressionen von der Langen Nacht der Bibliotheken am 8.6.2011"},"content":{"rendered":"<p>Koreanisches Trommelfeuerwerk (&#8222;Chon Dung Sori&#8220;), gepflegte Jazzkl\u00e4nge (Kathrin-Lemke-Trio), spritzige Autoren und angeregte Diskussionen (Katharina Hacker, Rafael Horzon, Wladimir Kaminer, Prof. Remigius Bunia, Prof. Oliver Lubrich), Bibliotheksf\u00fchrungen und Pr\u00e4sentationen, ein umwerfend komisches <img loading=\"lazy\" decoding=\"async\" src=\"https:\/\/blogs.fu-berlin.de\/bibliotheken\/files\/2011\/06\/lndb12-300x225.jpg\" alt=\"Das koreanische Perkussionsensemble &#39;Chon Dung Sori&#39;\" title=\"Das koreanische Perkussionsensemble Chon Dung Sori\" width=\"300\" height=\"225\" hspace=\"5\" vspace=\"5\" class=\"alignright size-medium wp-image-8081\" srcset=\"https:\/\/blogs.fu-berlin.de\/bibliotheken\/files\/2011\/06\/lndb12-300x225.jpg 300w, https:\/\/blogs.fu-berlin.de\/bibliotheken\/files\/2011\/06\/lndb12.jpg 400w\" sizes=\"auto, (max-width: 300px) 85vw, 300px\" \/> Improvisationstheater (&#8222;Die Gorillas&#8220;) und zum Ausklang des Abends das leibhaftige (oder doch virtuelle?) &#8222;Auspflanzen&#8220; von Wissen im Vorhof der Philologischen Bibliothek in einer Performance von MP Warming &#8211; die Freie Universit\u00e4t und ihre Bibliotheken boten ihren G\u00e4sten viel w\u00e4hrend dieser ersten Langen Nacht der Bibliotheken in Berlin. Und die G\u00e4ste, sie kamen tats\u00e4chlich &#8211; ein gemischtes Publikum aus LiteraturliebhaberInnen, Studierenden, Theaterbegeisterten, KongressteilnehmerInnen des Bibliothekartags und vielen mehr &#8211; in gro\u00dfer Zahl in die beiden gastgebenden H\u00e4user, die Bibliothek des Fachbereichs Erziehungswissenschaft und die Philologische Bibliothek. <\/p>\n<p>Zwischen 250 und 300 Besucher wurden pro Standort gesichtet. Bei der Lesung von W. Kaminer, der gut aufgelegt mit unver\u00f6ffentlichten Kurzgeschichten \u00fcberraschte, die teilweise erst in den vorangegangenen Tagen entstanden waren(!), glich die Erziehungswissenschaftliche Bibliothek einem prall gef\u00fcllten H\u00f6rsaal und wurde vollends zum &#8222;Literaturtempel&#8220;. <\/p>\n<p><img loading=\"lazy\" decoding=\"async\" src=\"https:\/\/blogs.fu-berlin.de\/bibliotheken\/files\/2011\/06\/lndb21-300x225.jpg\" alt=\"W. Kaminer in Aktion. Links: Prof. R. Bunia.\" title=\"W. Kaminer in Aktion. Links: Prof. R. Bunia.\" width=\"300\" height=\"225\" hspace=\"5\" vspace=\"5\" class=\"alignright size-medium wp-image-8082\" srcset=\"https:\/\/blogs.fu-berlin.de\/bibliotheken\/files\/2011\/06\/lndb21-300x225.jpg 300w, https:\/\/blogs.fu-berlin.de\/bibliotheken\/files\/2011\/06\/lndb21.jpg 400w\" sizes=\"auto, (max-width: 300px) 85vw, 300px\" \/><\/p>\n<p>Wenn es noch eines weiteren Beweises bedurft h\u00e4tte, dass Bibliotheken pulsierende Zentren der Kreativit\u00e4t, der Kultur, des Wissens und des geistigen Austauschs sind &#8211; die Lange Nacht der Bibliotheken h\u00e4tte ihn zweifelsfrei erbracht. Man darf gespannt sein, ob sich die Idee der Langen Bibliotheksn\u00e4chte in den kommenden Jahren verstetigen wird &#8230; <\/p>\n","protected":false},"excerpt":{"rendered":"<p>Koreanisches Trommelfeuerwerk (&#8222;Chon Dung Sori&#8220;), gepflegte Jazzkl\u00e4nge (Kathrin-Lemke-Trio), spritzige Autoren und angeregte Diskussionen (Katharina Hacker, Rafael Horzon, Wladimir Kaminer, Prof. Remigius Bunia, Prof. Oliver Lubrich), Bibliotheksf\u00fchrungen und Pr\u00e4sentationen, ein umwerfend komisches Improvisationstheater (&#8222;Die Gorillas&#8220;) und zum Ausklang des Abends das leibhaftige (oder doch virtuelle?) &#8222;Auspflanzen&#8220; von Wissen im Vorhof der Philologischen Bibliothek in einer Performance &hellip; <a href=\"https:\/\/blogs.fu-berlin.de\/bibliotheken\/2011\/06\/21\/impressionen-von-der-langen-nacht-der-bibliotheken-am-8-6-2011\/\" class=\"more-link\"><span class=\"screen-reader-text\">\u201eImpressionen von der Langen Nacht der Bibliotheken am 8.6.2011\u201c<\/span> weiterlesen<\/a><\/p>\n","protected":false},"author":267,"featured_media":0,"comment_status":"open","ping_status":"open","sticky":false,"template":"","format":"standard","meta":{"footnotes":""},"categories":[599,600,70],"tags":[2295],"class_list":["post-8072","post","type-post","status-publish","format-standard","hentry","category-bibliothekswesen","category-fachbibliotheken","category-veranstaltungen","tag-lange-nacht-der-bibliotheken"],"_links":{"self":[{"href":"https:\/\/blogs.fu-berlin.de\/bibliotheken\/wp-json\/wp\/v2\/posts\/8072","targetHints":{"allow":["GET"]}}],"collection":[{"href":"https:\/\/blogs.fu-berlin.de\/bibliotheken\/wp-json\/wp\/v2\/posts"}],"about":[{"href":"https:\/\/blogs.fu-berlin.de\/bibliotheken\/wp-json\/wp\/v2\/types\/post"}],"author":[{"embeddable":true,"href":"https:\/\/blogs.fu-berlin.de\/bibliotheken\/wp-json\/wp\/v2\/users\/267"}],"replies":[{"embeddable":true,"href":"https:\/\/blogs.fu-berlin.de\/bibliotheken\/wp-json\/wp\/v2\/comments?post=8072"}],"version-history":[{"count":12,"href":"https:\/\/blogs.fu-berlin.de\/bibliotheken\/wp-json\/wp\/v2\/posts\/8072\/revisions"}],"predecessor-version":[{"id":8084,"href":"https:\/\/blogs.fu-berlin.de\/bibliotheken\/wp-json\/wp\/v2\/posts\/8072\/revisions\/8084"}],"wp:attachment":[{"href":"https:\/\/blogs.fu-berlin.de\/bibliotheken\/wp-json\/wp\/v2\/media?parent=8072"}],"wp:term":[{"taxonomy":"category","embeddable":true,"href":"https:\/\/blogs.fu-berlin.de\/bibliotheken\/wp-json\/wp\/v2\/categories?post=8072"},{"taxonomy":"post_tag","embeddable":true,"href":"https:\/\/blogs.fu-berlin.de\/bibliotheken\/wp-json\/wp\/v2\/tags?post=8072"}],"curies":[{"name":"wp","href":"https:\/\/api.w.org\/{rel}","templated":true}]}}