{"id":8130,"date":"2011-06-28T08:51:38","date_gmt":"2011-06-28T07:51:38","guid":{"rendered":"https:\/\/blogs.fu-berlin.de\/bibliotheken\/?p=8130"},"modified":"2021-09-17T13:04:29","modified_gmt":"2021-09-17T12:04:29","slug":"zeitschriftenhefte-der-ub-ziehen-um","status":"publish","type":"post","link":"https:\/\/blogs.fu-berlin.de\/bibliotheken\/2011\/06\/28\/zeitschriftenhefte-der-ub-ziehen-um\/","title":{"rendered":"Zeitschriftenhefte der UB ziehen um"},"content":{"rendered":"\n<p><em><span class=\"has-inline-color has-bright-red-color\">Der Betrieb des \u201eDokumentationszentrums UN \u2013 EU\u201c wird eingestellt. Die entsprechende Literatur bleibt im Bestand und ist weiterhin zug\u00e4nglich.<\/span><\/em><\/p>\n\n\n<p>Im Laufe dieser Woche werden die ungebundenen Hefte von Zeitschriften, die die Universit\u00e4tsbibliothek (UB) noch in gedruckter Form abonniert hat, umziehen.<\/p>\n<p><a rel=\"attachment wp-att-8132\" href=\"https:\/\/blogs.fu-berlin.de\/bibliotheken\/2011\/06\/28\/zeitschriftenhefte-der-ub-ziehen-um\/dscn6651\/\"><img loading=\"lazy\" decoding=\"async\" class=\"alignright size-medium wp-image-8132\" title=\"DSCN6651\" src=\"https:\/\/blogs.fu-berlin.de\/bibliotheken\/files\/2011\/06\/DSCN6651-300x225.jpg\" alt=\"\" width=\"300\" height=\"225\"><\/a>Die Hefte, die zurzeit in der Zeitschriftenauslage untergebracht sind, werden zu den gebunden Jahrg\u00e4ngen in das Zeitschriftenfreihandmagazin (ZFM) eingeordnet.<\/p>\n<p>Begonnen wird mit der Aktion, die nur 1-2 Tage in Anspruch nehmen soll, am Mittwoch, den 29. Juni 2011. Die Nutzungseinschr\u00e4nkungen sind also sehr kurzzeitig. Die Standortinfos werden im FU-Katalog und damit auch in Primo umgestellt.<\/p>\n<p>Das hier abgebildete Sonderregal mit h\u00e4ufig genutzten Zeitschriftenheften wie bspw. Bild der Wissenschaft oder dem Spiegel wird in den Lesesaal umziehen.<\/p>\n<p>Der frei werdende Raum wird demn\u00e4chst vom Dokumentationszentrum UN\/EU genutzt werden, das dort verst\u00e4rkt Materialien der Vereinten Nationen und der Europ\u00e4ische Union pr\u00e4sentieren wird.<\/p>","protected":false},"excerpt":{"rendered":"<p>Der Betrieb des \u201eDokumentationszentrums UN \u2013 EU\u201c wird eingestellt. Die entsprechende Literatur bleibt im Bestand und ist weiterhin zug\u00e4nglich. Im Laufe dieser Woche werden die ungebundenen Hefte von Zeitschriften, die die Universit\u00e4tsbibliothek (UB) noch in gedruckter Form abonniert hat, umziehen. Die Hefte, die zurzeit in der Zeitschriftenauslage untergebracht sind, werden zu den gebunden Jahrg\u00e4ngen in &hellip; <a href=\"https:\/\/blogs.fu-berlin.de\/bibliotheken\/2011\/06\/28\/zeitschriftenhefte-der-ub-ziehen-um\/\" class=\"more-link\"><span class=\"screen-reader-text\">\u201eZeitschriftenhefte der UB ziehen um\u201c<\/span> weiterlesen<\/a><\/p>\n","protected":false},"author":265,"featured_media":0,"comment_status":"open","ping_status":"open","sticky":false,"template":"","format":"standard","meta":{"footnotes":""},"categories":[601],"tags":[745,2371,2370],"class_list":["post-8130","post","type-post","status-publish","format-standard","hentry","category-universitatsbibliothek","tag-zeitschrift","tag-zeitschriftenauslage","tag-zfm"],"_links":{"self":[{"href":"https:\/\/blogs.fu-berlin.de\/bibliotheken\/wp-json\/wp\/v2\/posts\/8130","targetHints":{"allow":["GET"]}}],"collection":[{"href":"https:\/\/blogs.fu-berlin.de\/bibliotheken\/wp-json\/wp\/v2\/posts"}],"about":[{"href":"https:\/\/blogs.fu-berlin.de\/bibliotheken\/wp-json\/wp\/v2\/types\/post"}],"author":[{"embeddable":true,"href":"https:\/\/blogs.fu-berlin.de\/bibliotheken\/wp-json\/wp\/v2\/users\/265"}],"replies":[{"embeddable":true,"href":"https:\/\/blogs.fu-berlin.de\/bibliotheken\/wp-json\/wp\/v2\/comments?post=8130"}],"version-history":[{"count":30,"href":"https:\/\/blogs.fu-berlin.de\/bibliotheken\/wp-json\/wp\/v2\/posts\/8130\/revisions"}],"predecessor-version":[{"id":29749,"href":"https:\/\/blogs.fu-berlin.de\/bibliotheken\/wp-json\/wp\/v2\/posts\/8130\/revisions\/29749"}],"wp:attachment":[{"href":"https:\/\/blogs.fu-berlin.de\/bibliotheken\/wp-json\/wp\/v2\/media?parent=8130"}],"wp:term":[{"taxonomy":"category","embeddable":true,"href":"https:\/\/blogs.fu-berlin.de\/bibliotheken\/wp-json\/wp\/v2\/categories?post=8130"},{"taxonomy":"post_tag","embeddable":true,"href":"https:\/\/blogs.fu-berlin.de\/bibliotheken\/wp-json\/wp\/v2\/tags?post=8130"}],"curies":[{"name":"wp","href":"https:\/\/api.w.org\/{rel}","templated":true}]}}