{"id":8180,"date":"2011-07-01T07:53:57","date_gmt":"2011-07-01T06:53:57","guid":{"rendered":"https:\/\/blogs.fu-berlin.de\/bibliotheken\/?p=8180"},"modified":"2011-07-01T07:53:57","modified_gmt":"2011-07-01T06:53:57","slug":"link-des-monats-juli-2011-heinrich-von-kleist-portal","status":"publish","type":"post","link":"https:\/\/blogs.fu-berlin.de\/bibliotheken\/2011\/07\/01\/link-des-monats-juli-2011-heinrich-von-kleist-portal\/","title":{"rendered":"Link des Monats Juli 2011: Heinrich-von-Kleist-Portal"},"content":{"rendered":"<p><img loading=\"lazy\" decoding=\"async\" class=\"alignright\" title=\"Logo Kleist-Portal\" src=\"https:\/\/www.heinrich-von-kleist.org\/fileadmin\/kleist\/design\/logo_kleist_portal.gif\" alt=\"\" width=\"100\" height=\"80\" \/>Am 21. November 2011 j\u00e4hrt sich der Freitod Heinrich von Kleists (1777 bis 1811) zum 200. Mal.<\/p>\n<p>Zum Gedenken wurde im Rahmen des unter der Schirmherrschaft von Bundespr\u00e4sident Wulff stehenden <a href=\"https:\/\/www.heinrich-von-kleist.org\/kleist-jahr-2011\/\">&#8222;Kleist-Jahres 2011&#8220;<\/a> ein Webportal gestaltet, das Informationen und Aktivit\u00e4ten b\u00fcndelt und der \u00d6ffentlichkeit pr\u00e4sentiert.<\/p>\n<p>Was es im Kleistportal zu entdecken gibt, beschreibt unser <a href=\"https:\/\/www.ub.fu-berlin.de\/service_neu\/linktipp\/1107.html\">Link des Monats f\u00fcr den Juli 2011<\/a>.<\/p>\n","protected":false},"excerpt":{"rendered":"<p>Am 21. November 2011 j\u00e4hrt sich der Freitod Heinrich von Kleists (1777 bis 1811) zum 200. Mal. Zum Gedenken wurde im Rahmen des unter der Schirmherrschaft von Bundespr\u00e4sident Wulff stehenden &#8222;Kleist-Jahres 2011&#8220; ein Webportal gestaltet, das Informationen und Aktivit\u00e4ten b\u00fcndelt und der \u00d6ffentlichkeit pr\u00e4sentiert. Was es im Kleistportal zu entdecken gibt, beschreibt unser Link des &hellip; <a href=\"https:\/\/blogs.fu-berlin.de\/bibliotheken\/2011\/07\/01\/link-des-monats-juli-2011-heinrich-von-kleist-portal\/\" class=\"more-link\"><span class=\"screen-reader-text\">\u201eLink des Monats Juli 2011: Heinrich-von-Kleist-Portal\u201c<\/span> weiterlesen<\/a><\/p>\n","protected":false},"author":265,"featured_media":0,"comment_status":"open","ping_status":"open","sticky":false,"template":"","format":"standard","meta":{"footnotes":""},"categories":[604],"tags":[2374,537],"class_list":["post-8180","post","type-post","status-publish","format-standard","hentry","category-ins-netz-geschaut","tag-kleist-portal","tag-link-des-monats"],"_links":{"self":[{"href":"https:\/\/blogs.fu-berlin.de\/bibliotheken\/wp-json\/wp\/v2\/posts\/8180","targetHints":{"allow":["GET"]}}],"collection":[{"href":"https:\/\/blogs.fu-berlin.de\/bibliotheken\/wp-json\/wp\/v2\/posts"}],"about":[{"href":"https:\/\/blogs.fu-berlin.de\/bibliotheken\/wp-json\/wp\/v2\/types\/post"}],"author":[{"embeddable":true,"href":"https:\/\/blogs.fu-berlin.de\/bibliotheken\/wp-json\/wp\/v2\/users\/265"}],"replies":[{"embeddable":true,"href":"https:\/\/blogs.fu-berlin.de\/bibliotheken\/wp-json\/wp\/v2\/comments?post=8180"}],"version-history":[{"count":7,"href":"https:\/\/blogs.fu-berlin.de\/bibliotheken\/wp-json\/wp\/v2\/posts\/8180\/revisions"}],"predecessor-version":[{"id":8187,"href":"https:\/\/blogs.fu-berlin.de\/bibliotheken\/wp-json\/wp\/v2\/posts\/8180\/revisions\/8187"}],"wp:attachment":[{"href":"https:\/\/blogs.fu-berlin.de\/bibliotheken\/wp-json\/wp\/v2\/media?parent=8180"}],"wp:term":[{"taxonomy":"category","embeddable":true,"href":"https:\/\/blogs.fu-berlin.de\/bibliotheken\/wp-json\/wp\/v2\/categories?post=8180"},{"taxonomy":"post_tag","embeddable":true,"href":"https:\/\/blogs.fu-berlin.de\/bibliotheken\/wp-json\/wp\/v2\/tags?post=8180"}],"curies":[{"name":"wp","href":"https:\/\/api.w.org\/{rel}","templated":true}]}}