{"id":8213,"date":"2011-07-06T11:46:12","date_gmt":"2011-07-06T10:46:12","guid":{"rendered":"https:\/\/blogs.fu-berlin.de\/bibliotheken\/?p=8213"},"modified":"2011-08-11T14:38:11","modified_gmt":"2011-08-11T13:38:11","slug":"bibliothek-des-john-f-kennedy-instituts-am-10-august-geschlossen","status":"publish","type":"post","link":"https:\/\/blogs.fu-berlin.de\/bibliotheken\/2011\/07\/06\/bibliothek-des-john-f-kennedy-instituts-am-10-august-geschlossen\/","title":{"rendered":"Bibliothek des John-F.-Kennedy-Instituts am 10. August geschlossen"},"content":{"rendered":"<p>Am Mittwoch, den 10. August 2011 bleibt die Bibliothek des John-F.-Kennedy-Instituts aufgrund einer Team-Fortbildung geschlossen. An diesem Tag f\u00e4llige Ausleihen werden von uns um einen Tag verl\u00e4ngert. Wir bitten um Ihr Verst\u00e4ndnis.<\/p>\n","protected":false},"excerpt":{"rendered":"<p>Am Mittwoch, den 10. August 2011 bleibt die Bibliothek des John-F.-Kennedy-Instituts aufgrund einer Team-Fortbildung geschlossen. An diesem Tag f\u00e4llige Ausleihen werden von uns um einen Tag verl\u00e4ngert. Wir bitten um Ihr Verst\u00e4ndnis.<\/p>\n","protected":false},"author":302,"featured_media":0,"comment_status":"open","ping_status":"open","sticky":false,"template":"","format":"standard","meta":{"footnotes":""},"categories":[600],"tags":[950,641],"class_list":["post-8213","post","type-post","status-publish","format-standard","hentry","category-fachbibliotheken","tag-jfki","tag-offnungszeiten"],"_links":{"self":[{"href":"https:\/\/blogs.fu-berlin.de\/bibliotheken\/wp-json\/wp\/v2\/posts\/8213","targetHints":{"allow":["GET"]}}],"collection":[{"href":"https:\/\/blogs.fu-berlin.de\/bibliotheken\/wp-json\/wp\/v2\/posts"}],"about":[{"href":"https:\/\/blogs.fu-berlin.de\/bibliotheken\/wp-json\/wp\/v2\/types\/post"}],"author":[{"embeddable":true,"href":"https:\/\/blogs.fu-berlin.de\/bibliotheken\/wp-json\/wp\/v2\/users\/302"}],"replies":[{"embeddable":true,"href":"https:\/\/blogs.fu-berlin.de\/bibliotheken\/wp-json\/wp\/v2\/comments?post=8213"}],"version-history":[{"count":4,"href":"https:\/\/blogs.fu-berlin.de\/bibliotheken\/wp-json\/wp\/v2\/posts\/8213\/revisions"}],"predecessor-version":[{"id":8380,"href":"https:\/\/blogs.fu-berlin.de\/bibliotheken\/wp-json\/wp\/v2\/posts\/8213\/revisions\/8380"}],"wp:attachment":[{"href":"https:\/\/blogs.fu-berlin.de\/bibliotheken\/wp-json\/wp\/v2\/media?parent=8213"}],"wp:term":[{"taxonomy":"category","embeddable":true,"href":"https:\/\/blogs.fu-berlin.de\/bibliotheken\/wp-json\/wp\/v2\/categories?post=8213"},{"taxonomy":"post_tag","embeddable":true,"href":"https:\/\/blogs.fu-berlin.de\/bibliotheken\/wp-json\/wp\/v2\/tags?post=8213"}],"curies":[{"name":"wp","href":"https:\/\/api.w.org\/{rel}","templated":true}]}}