{"id":8345,"date":"2011-08-05T15:51:08","date_gmt":"2011-08-05T14:51:08","guid":{"rendered":"https:\/\/blogs.fu-berlin.de\/bibliotheken\/?p=8345"},"modified":"2011-08-08T08:56:43","modified_gmt":"2011-08-08T07:56:43","slug":"zdf-startet-%e2%80%9edas-blaue-sofa%e2%80%9c","status":"publish","type":"post","link":"https:\/\/blogs.fu-berlin.de\/bibliotheken\/2011\/08\/05\/zdf-startet-%e2%80%9edas-blaue-sofa%e2%80%9c\/","title":{"rendered":"ZDF startet \u201eDas blaue Sofa\u201c"},"content":{"rendered":"<p><a rel=\"attachment wp-att-8351\" href=\"https:\/\/blogs.fu-berlin.de\/bibliotheken\/2011\/08\/05\/zdf-startet-%e2%80%9edas-blaue-sofa%e2%80%9c\/blaues-sofa\/\"><img loading=\"lazy\" decoding=\"async\" class=\"alignright size-full wp-image-8351\" title=\"blaues sofa\" src=\"https:\/\/blogs.fu-berlin.de\/bibliotheken\/files\/2011\/08\/blaues-sofa.jpg\" alt=\"\" width=\"117\" height=\"128\" \/><\/a>Dem aufmerksamen Buchmesse-Beobachter d\u00fcrfte das \u201eBlaue Sofa\u201c ein Begriff sein \u2013 seit 1999 nehmen j\u00e4hrlich Autoren und Kritiker in Leipzig oder Frankfurt darauf Platz, loben oder tadeln neu erschienene Literatur. Ein passender Titel also f\u00fcr die neue Literatursendung, die das ZDF am 16. September um 23:00 Uhr pr\u00e4sentiert.<\/p>\n<p>Sechsmal im Jahr, alle zwei Monate, wird der fr\u00fchere \u201easpekte\u201c-Chef Wolfgang Herles f\u00fcr eine halbe Stunde mit dem klobigen M\u00f6belst\u00fcck zu einem Schriftsteller unterwegs sein \u2013 entweder am Ort ihres Wirkens oder einen Roman-Schauplatz. Sein Hauptaugenmerk legt der Kulturjournalist laut eigenen Angaben auf Literatur, \u201edie gut erz\u00e4hlt, gut lesbar ist\u201c und uns kl\u00fcger macht und verspricht nicht nur \u201esimple Unterhaltungsliteratur\u201c. Der erste Gast auf Herles&#8216; Sofa ist noch nicht bekannt.<\/p>\n<p>Bleibt zu hoffen, dass Wolfgang Herles mehr Erfolg mit dem Freitagabend beschieden ist, als seinen Vorg\u00e4ngern und besprochene Literatur wenigstens ein kleines bisschen mit Krimis und Comedy konkurrieren kann. Amelie Fried und Ijoma Mangold hatten auf dem gleichen Programmplatz \u201eDie Vorleser\u201c vorgestellt, bis die Sendung aufgrund mangelnder Einschaltquoten im Dezember 2010 abgesetzt wurde. Auch deren Vorg\u00e4ngerin Elke Heidenreich hatte Probleme, die Zuschauer zu erreichen, nachdem ihre Sendung \u201eLesen!\u201c von Dienstag- auf Freitagabend verlegt worden war.<\/p>\n<h6>Danke f\u00fcr das Bild an <a href=\"https:\/\/commons.wikimedia.org\/wiki\/File:Sven regener buchmesse.jpg?uselang=de\">Smalltown Boy (CC-\/GFDL-Lizenz)<\/a>!<\/h6>\n","protected":false},"excerpt":{"rendered":"<p>Dem aufmerksamen Buchmesse-Beobachter d\u00fcrfte das \u201eBlaue Sofa\u201c ein Begriff sein \u2013 seit 1999 nehmen j\u00e4hrlich Autoren und Kritiker in Leipzig oder Frankfurt darauf Platz, loben oder tadeln neu erschienene Literatur. Ein passender Titel also f\u00fcr die neue Literatursendung, die das ZDF am 16. September um 23:00 Uhr pr\u00e4sentiert. Sechsmal im Jahr, alle zwei Monate, wird &hellip; <a href=\"https:\/\/blogs.fu-berlin.de\/bibliotheken\/2011\/08\/05\/zdf-startet-%e2%80%9edas-blaue-sofa%e2%80%9c\/\" class=\"more-link\"><span class=\"screen-reader-text\">\u201eZDF startet \u201eDas blaue Sofa\u201c\u201c<\/span> weiterlesen<\/a><\/p>\n","protected":false},"author":293,"featured_media":0,"comment_status":"open","ping_status":"open","sticky":false,"template":"","format":"standard","meta":{"footnotes":""},"categories":[9,604,492],"tags":[2413,2414,451],"class_list":["post-8345","post","type-post","status-publish","format-standard","hentry","category-allgemein","category-ins-netz-geschaut","category-literaturtipps","tag-das-blaue-sofa","tag-fernsehen","tag-literatur"],"_links":{"self":[{"href":"https:\/\/blogs.fu-berlin.de\/bibliotheken\/wp-json\/wp\/v2\/posts\/8345","targetHints":{"allow":["GET"]}}],"collection":[{"href":"https:\/\/blogs.fu-berlin.de\/bibliotheken\/wp-json\/wp\/v2\/posts"}],"about":[{"href":"https:\/\/blogs.fu-berlin.de\/bibliotheken\/wp-json\/wp\/v2\/types\/post"}],"author":[{"embeddable":true,"href":"https:\/\/blogs.fu-berlin.de\/bibliotheken\/wp-json\/wp\/v2\/users\/293"}],"replies":[{"embeddable":true,"href":"https:\/\/blogs.fu-berlin.de\/bibliotheken\/wp-json\/wp\/v2\/comments?post=8345"}],"version-history":[{"count":16,"href":"https:\/\/blogs.fu-berlin.de\/bibliotheken\/wp-json\/wp\/v2\/posts\/8345\/revisions"}],"predecessor-version":[{"id":8359,"href":"https:\/\/blogs.fu-berlin.de\/bibliotheken\/wp-json\/wp\/v2\/posts\/8345\/revisions\/8359"}],"wp:attachment":[{"href":"https:\/\/blogs.fu-berlin.de\/bibliotheken\/wp-json\/wp\/v2\/media?parent=8345"}],"wp:term":[{"taxonomy":"category","embeddable":true,"href":"https:\/\/blogs.fu-berlin.de\/bibliotheken\/wp-json\/wp\/v2\/categories?post=8345"},{"taxonomy":"post_tag","embeddable":true,"href":"https:\/\/blogs.fu-berlin.de\/bibliotheken\/wp-json\/wp\/v2\/tags?post=8345"}],"curies":[{"name":"wp","href":"https:\/\/api.w.org\/{rel}","templated":true}]}}