{"id":8405,"date":"2011-06-30T18:00:14","date_gmt":"2011-06-30T17:00:14","guid":{"rendered":"https:\/\/blogs.fu-berlin.de\/bibliotheken\/?p=8405"},"modified":"2011-08-12T14:21:21","modified_gmt":"2011-08-12T13:21:21","slug":"beltz-digitale-bibliothek-im-test","status":"publish","type":"post","link":"https:\/\/blogs.fu-berlin.de\/bibliotheken\/2011\/06\/30\/beltz-digitale-bibliothek-im-test\/","title":{"rendered":"Beltz Digitale Bibliothek im Test"},"content":{"rendered":"<p><img loading=\"lazy\" decoding=\"async\" src=\"https:\/\/blogs.fu-berlin.de\/bibliotheken\/files\/2011\/08\/img_logo.gif\" alt=\"\" title=\"img_logo\" width=\"115\" height=\"34\" class=\"alignright size-full wp-image-8406\" \/>Bis zum 27. Juli 2011 besteht f\u00fcr FU-Angeh\u00f6rige ein kostenfreier Testzugriff auf die Datenbank <a href=\"https:\/\/vs13.kobv.de\/V\/portal=FUBERLIN&amp;institute=FUBERLIN&amp;?func=find-db-1-title&amp;mode=titles&amp;azlist=N&amp;scan_utf=&amp;scan_start=Beltz+Digitale+Bibliothek&amp;search_type=contains&amp;restricted=all\">Beltz Digitale Bibliothek<\/a>.<\/p>\n<p>\u00dcber das Portal content-select.com von Preselect Media werden Lehr- und Fachb\u00fccher aus den Programmen P\u00e4dagogik, Psychologie und Weiterbildung des Beltz-Verlags angeboten.<\/p>\n","protected":false},"excerpt":{"rendered":"<p>Bis zum 27. Juli 2011 besteht f\u00fcr FU-Angeh\u00f6rige ein kostenfreier Testzugriff auf die Datenbank Beltz Digitale Bibliothek. \u00dcber das Portal content-select.com von Preselect Media werden Lehr- und Fachb\u00fccher aus den Programmen P\u00e4dagogik, Psychologie und Weiterbildung des Beltz-Verlags angeboten.<\/p>\n","protected":false},"author":266,"featured_media":0,"comment_status":"open","ping_status":"open","sticky":false,"template":"","format":"standard","meta":{"footnotes":""},"categories":[457,18529],"tags":[2422,752,2423,1928],"class_list":["post-8405","post","type-post","status-publish","format-standard","hentry","category-digitale-bibliothek","category-ressourcen-im-test","tag-beltz","tag-e-book","tag-padagogik","tag-psychologie"],"_links":{"self":[{"href":"https:\/\/blogs.fu-berlin.de\/bibliotheken\/wp-json\/wp\/v2\/posts\/8405","targetHints":{"allow":["GET"]}}],"collection":[{"href":"https:\/\/blogs.fu-berlin.de\/bibliotheken\/wp-json\/wp\/v2\/posts"}],"about":[{"href":"https:\/\/blogs.fu-berlin.de\/bibliotheken\/wp-json\/wp\/v2\/types\/post"}],"author":[{"embeddable":true,"href":"https:\/\/blogs.fu-berlin.de\/bibliotheken\/wp-json\/wp\/v2\/users\/266"}],"replies":[{"embeddable":true,"href":"https:\/\/blogs.fu-berlin.de\/bibliotheken\/wp-json\/wp\/v2\/comments?post=8405"}],"version-history":[{"count":3,"href":"https:\/\/blogs.fu-berlin.de\/bibliotheken\/wp-json\/wp\/v2\/posts\/8405\/revisions"}],"predecessor-version":[{"id":8409,"href":"https:\/\/blogs.fu-berlin.de\/bibliotheken\/wp-json\/wp\/v2\/posts\/8405\/revisions\/8409"}],"wp:attachment":[{"href":"https:\/\/blogs.fu-berlin.de\/bibliotheken\/wp-json\/wp\/v2\/media?parent=8405"}],"wp:term":[{"taxonomy":"category","embeddable":true,"href":"https:\/\/blogs.fu-berlin.de\/bibliotheken\/wp-json\/wp\/v2\/categories?post=8405"},{"taxonomy":"post_tag","embeddable":true,"href":"https:\/\/blogs.fu-berlin.de\/bibliotheken\/wp-json\/wp\/v2\/tags?post=8405"}],"curies":[{"name":"wp","href":"https:\/\/api.w.org\/{rel}","templated":true}]}}