{"id":8446,"date":"2011-08-17T12:50:25","date_gmt":"2011-08-17T11:50:25","guid":{"rendered":"https:\/\/blogs.fu-berlin.de\/bibliotheken\/?p=8446"},"modified":"2011-08-31T08:11:10","modified_gmt":"2011-08-31T07:11:10","slug":"wartungsarbeiten-beim-kobv-am-30-august-2011","status":"publish","type":"post","link":"https:\/\/blogs.fu-berlin.de\/bibliotheken\/2011\/08\/17\/wartungsarbeiten-beim-kobv-am-30-august-2011\/","title":{"rendered":"Wartungsarbeiten beim KOBV am 30. August 2011"},"content":{"rendered":"<p>Wegen dringender Wartungsarbeiten beim <a href=\"https:\/\/www.kobv.de\/\">Kooperativen Bibliotheksverbund Berlin-Brandenburg (KOBV)<\/a> wird es <strong>am Dienstag den 30. August 2011<\/strong> von 6 bis voraussichtlich 22 Uhr zu Betriebsunterbrechungen kommen. Im Einzelnen sind betroffen:<\/p>\n<ul>\n<li>Bibliotheksportal | Primo<\/li>\n<li>Digitale Bibliothek der FU<\/li>\n<li>SFX-Service<\/li>\n<li>Fernleihe<\/li>\n<\/ul>\n<p>Im genannten Zeitraum sind dar\u00fcber hinaus weitere Dienste des KOBV selbst (Bibliothekenf\u00fchrer, KOBV-Portal u.a.) nicht zug\u00e4nglich (vgl. <a href=\"https:\/\/www.kobv.de\/aktuelles\/information\/datum\/2011\/08\/09\/wartungstag-im-zib-am-308\/\">Homepage des KOBV<\/a>).<\/p>\n<p><strong>Der FU-Katalog l\u00e4uft wie gewohnt.<\/strong> Die Datenbanken k\u00f6nnen alternativ zur Digitalen Bibliothek oder dem Bibliotheksportal | Primo \u00fcber die <a href=\"https:\/\/www.ub.fu-berlin.de\/digibib_neu\/datenbank\/\">UB-Homepage<\/a> gestartet werden. Die lizenzierten E-Zeitschriften k\u00f6nnen im FU-Katalog recherchiert und \u00fcber Links beim Anbieter sowie die <a href=\"https:\/\/rzblx1.uni-regensburg.de\/ezeit\/\">EZB<\/a> (Uni Regensburg) gestartet werden.<\/p>\n<p>Wir bitten um Ihr Verst\u00e4ndnis. Ihre Universit\u00e4tsbibliothek<\/p>\n","protected":false},"excerpt":{"rendered":"<p>Wegen dringender Wartungsarbeiten beim Kooperativen Bibliotheksverbund Berlin-Brandenburg (KOBV) wird es am Dienstag den 30. August 2011 von 6 bis voraussichtlich 22 Uhr zu Betriebsunterbrechungen kommen. Im Einzelnen sind betroffen: Bibliotheksportal | Primo Digitale Bibliothek der FU SFX-Service Fernleihe Im genannten Zeitraum sind dar\u00fcber hinaus weitere Dienste des KOBV selbst (Bibliothekenf\u00fchrer, KOBV-Portal u.a.) nicht zug\u00e4nglich (vgl. &hellip; <a href=\"https:\/\/blogs.fu-berlin.de\/bibliotheken\/2011\/08\/17\/wartungsarbeiten-beim-kobv-am-30-august-2011\/\" class=\"more-link\"><span class=\"screen-reader-text\">\u201eWartungsarbeiten beim KOBV am 30. August 2011\u201c<\/span> weiterlesen<\/a><\/p>\n","protected":false},"author":265,"featured_media":0,"comment_status":"open","ping_status":"open","sticky":false,"template":"","format":"standard","meta":{"footnotes":""},"categories":[9,457,600,601],"tags":[1778,1968,2431],"class_list":["post-8446","post","type-post","status-publish","format-standard","hentry","category-allgemein","category-digitale-bibliothek","category-fachbibliotheken","category-universitatsbibliothek","tag-kobv","tag-wartung","tag-wartungstag"],"_links":{"self":[{"href":"https:\/\/blogs.fu-berlin.de\/bibliotheken\/wp-json\/wp\/v2\/posts\/8446","targetHints":{"allow":["GET"]}}],"collection":[{"href":"https:\/\/blogs.fu-berlin.de\/bibliotheken\/wp-json\/wp\/v2\/posts"}],"about":[{"href":"https:\/\/blogs.fu-berlin.de\/bibliotheken\/wp-json\/wp\/v2\/types\/post"}],"author":[{"embeddable":true,"href":"https:\/\/blogs.fu-berlin.de\/bibliotheken\/wp-json\/wp\/v2\/users\/265"}],"replies":[{"embeddable":true,"href":"https:\/\/blogs.fu-berlin.de\/bibliotheken\/wp-json\/wp\/v2\/comments?post=8446"}],"version-history":[{"count":12,"href":"https:\/\/blogs.fu-berlin.de\/bibliotheken\/wp-json\/wp\/v2\/posts\/8446\/revisions"}],"predecessor-version":[{"id":8634,"href":"https:\/\/blogs.fu-berlin.de\/bibliotheken\/wp-json\/wp\/v2\/posts\/8446\/revisions\/8634"}],"wp:attachment":[{"href":"https:\/\/blogs.fu-berlin.de\/bibliotheken\/wp-json\/wp\/v2\/media?parent=8446"}],"wp:term":[{"taxonomy":"category","embeddable":true,"href":"https:\/\/blogs.fu-berlin.de\/bibliotheken\/wp-json\/wp\/v2\/categories?post=8446"},{"taxonomy":"post_tag","embeddable":true,"href":"https:\/\/blogs.fu-berlin.de\/bibliotheken\/wp-json\/wp\/v2\/tags?post=8446"}],"curies":[{"name":"wp","href":"https:\/\/api.w.org\/{rel}","templated":true}]}}