{"id":850,"date":"2009-04-27T09:24:03","date_gmt":"2009-04-27T08:24:03","guid":{"rendered":"https:\/\/blogs.fu-berlin.de\/bibliotheken\/?p=850"},"modified":"2009-05-06T16:52:05","modified_gmt":"2009-05-06T15:52:05","slug":"kommt-bibliothekskatze-ins-kino","status":"publish","type":"post","link":"https:\/\/blogs.fu-berlin.de\/bibliotheken\/2009\/04\/27\/kommt-bibliothekskatze-ins-kino\/","title":{"rendered":"Kommt Bibliothekskatze ins Kino?"},"content":{"rendered":"<p>Von 1988 bis 2006 verf\u00fcgte die Public Library in Spencer, Iowa, \u00fcber einen ganz besonderen Publikumsliebling \u2013 einen rotgetigerten Kater namens \u201eDewey Readmore Books\u201c. Das Tier war im Alter von acht Wochen mitten im Winter von Unbekannten in der Buchr\u00fcckgabebox der \u00f6ffentlichen Bibliothek \u201eentsorgt\u201c worden.<br \/>\nDaraufhin wurde der Kater vom dortigen Personal adoptiert. Den Namen &#8222;Dewey&#8220; bekam er nach dem ber\u00fchmtesten amerikanischen Bibliothekar Melvil Dewey, dem Erfinder der nach ihm benannten Dezimalklassifikation.<\/p>\n<p>In den n\u00e4chsten Jahren brachte es Dewey durch seine Zutraulichkeit gegen\u00fcber Bibliotheksmitarbeitern und -besuchern bald zu \u00fcberregionaler Bekanntheit &#8211; selbst ein japanisches Fernsehteam machte sich auf den Weg in den Mittleren Westen der USA. 2006 ist Dewey im gesegneten Alter von 19 (Bibliotheks-)Jahren gestorben.<br \/>\nVicki Myron, die Bibliotheksleiterin und Deweys ehemalige \u201eDosen\u00f6ffnerin\u201c ver\u00f6ffentlichte die Geschichte als Buch (vgl. <a href=\"https:\/\/www.usatoday.com\/life\/books\/news\/2008-09-17-dewey-the-library-cat_N.htm\">USA Today-Artikel vom 18. September 2008<\/a>). Es wurde millionenfach verkauft und hielt sich von November 2008 bis M\u00e4rz 2009 sogar auf der Bestsellerliste der New York Times. Eine deutsche \u00dcbersetzung unter dem Titel \u201eDewey und ich\u201c soll nun in diesem Herbst erscheinen.<br \/>\nEs gibt in den USA auch schon \u00dcberlegungen einen <a href=\"https:\/\/www.variety.com\/article\/VR1117995748.html?categoryid=13&amp;cs=1\">Kinofilm \u00fcber Dewey<\/a> mit prominenter Besetzung zu machen &#8230;<\/p>\n<p><object width=\"340\" height=\"285\"><param name=\"movie\" value=\"https:\/\/www.youtube.com\/v\/0jGpvvLmwbs&amp;hl=de&amp;fs=1&amp;rel=0&amp;color1=0x2b405b&amp;color2=0x6b8ab6&amp;border=1\"><\/param><param name=\"allowFullScreen\" value=\"true\"><\/param><param name=\"allowscriptaccess\" value=\"always\"><\/param><embed src=\"https:\/\/www.youtube.com\/v\/0jGpvvLmwbs&amp;hl=de&amp;fs=1&amp;rel=0&amp;color1=0x2b405b&amp;color2=0x6b8ab6&amp;border=1\" type=\"application\/x-shockwave-flash\" width=\"340\" height=\"285\"><\/embed><\/object><\/p>\n<p>Wer  Dewey live in der Bibliothek sehen will, dem sei <a href=\"https:\/\/www.youtube.com\/watch?v=0jGpvvLmwbs\">dieses Video auf Youtube<\/a> ans Herz gelegt. Wie es sich f\u00fcr eine Bibliothekskatze von Welt geh\u00f6rt, verf\u00fcgt Dewey nat\u00fcrlich auch \u00fcber einen eigenen <a href=\"https:\/\/en.wikipedia.org\/wiki\/Dewey_Readmore_Books\">Wikipedia-Eintrag<\/a>.<\/p>\n<p>Obwohl so eine Bibliotheksmietze in Zeiten immer knapper werdender Etats finanziell ziemlich lukrativ sein kann (vgl. <a href=\"https:\/\/www.nytimes.com\/2007\/04\/04\/books\/04cat.html?_r=2&amp;scp=5&amp;sq=dewey%20readmore%20books&amp;st=cse\">New York Times-Artikel vom 4. April 2007<\/a>), hat sich die Universit\u00e4tsbibliothek \u00fcber die Anschaffung einer Katze bisher noch keine Gedanken gemacht. Dabei sollte es uns doch an phantasievollen Namen f\u00fcr einen Bibliothekstiger nicht mangeln &#8211;  PI, RAK, oder doch lieber Citavi oder Endnote?  \ud83d\ude09<\/p>\n<h6>Dank f\u00fcr dieses Posting an Marc Spieseke aus der UB.<\/h6>\n","protected":false},"excerpt":{"rendered":"<p>Von 1988 bis 2006 verf\u00fcgte die Public Library in Spencer, Iowa, \u00fcber einen ganz besonderen Publikumsliebling \u2013 einen rotgetigerten Kater namens \u201eDewey Readmore Books\u201c. Das Tier war im Alter von acht Wochen mitten im Winter von Unbekannten in der Buchr\u00fcckgabebox der \u00f6ffentlichen Bibliothek \u201eentsorgt\u201c worden. Daraufhin wurde der Kater vom dortigen Personal adoptiert. Den Namen &hellip; <a href=\"https:\/\/blogs.fu-berlin.de\/bibliotheken\/2009\/04\/27\/kommt-bibliothekskatze-ins-kino\/\" class=\"more-link\"><span class=\"screen-reader-text\">\u201eKommt Bibliothekskatze ins Kino?\u201c<\/span> weiterlesen<\/a><\/p>\n","protected":false},"author":265,"featured_media":0,"comment_status":"open","ping_status":"open","sticky":false,"template":"","format":"standard","meta":{"footnotes":""},"categories":[9,604],"tags":[297,716,717,327,233,593],"class_list":["post-850","post","type-post","status-publish","format-standard","hentry","category-allgemein","category-ins-netz-geschaut","tag-bibliothek","tag-bibliothekskatze","tag-dewey","tag-katze","tag-video","tag-youtube"],"_links":{"self":[{"href":"https:\/\/blogs.fu-berlin.de\/bibliotheken\/wp-json\/wp\/v2\/posts\/850","targetHints":{"allow":["GET"]}}],"collection":[{"href":"https:\/\/blogs.fu-berlin.de\/bibliotheken\/wp-json\/wp\/v2\/posts"}],"about":[{"href":"https:\/\/blogs.fu-berlin.de\/bibliotheken\/wp-json\/wp\/v2\/types\/post"}],"author":[{"embeddable":true,"href":"https:\/\/blogs.fu-berlin.de\/bibliotheken\/wp-json\/wp\/v2\/users\/265"}],"replies":[{"embeddable":true,"href":"https:\/\/blogs.fu-berlin.de\/bibliotheken\/wp-json\/wp\/v2\/comments?post=850"}],"version-history":[{"count":16,"href":"https:\/\/blogs.fu-berlin.de\/bibliotheken\/wp-json\/wp\/v2\/posts\/850\/revisions"}],"predecessor-version":[{"id":913,"href":"https:\/\/blogs.fu-berlin.de\/bibliotheken\/wp-json\/wp\/v2\/posts\/850\/revisions\/913"}],"wp:attachment":[{"href":"https:\/\/blogs.fu-berlin.de\/bibliotheken\/wp-json\/wp\/v2\/media?parent=850"}],"wp:term":[{"taxonomy":"category","embeddable":true,"href":"https:\/\/blogs.fu-berlin.de\/bibliotheken\/wp-json\/wp\/v2\/categories?post=850"},{"taxonomy":"post_tag","embeddable":true,"href":"https:\/\/blogs.fu-berlin.de\/bibliotheken\/wp-json\/wp\/v2\/tags?post=850"}],"curies":[{"name":"wp","href":"https:\/\/api.w.org\/{rel}","templated":true}]}}