{"id":8688,"date":"2011-08-30T09:47:28","date_gmt":"2011-08-30T08:47:28","guid":{"rendered":"https:\/\/blogs.fu-berlin.de\/bibliotheken\/?p=8688"},"modified":"2011-08-30T09:47:29","modified_gmt":"2011-08-30T08:47:29","slug":"feueralarme-in-der-universitatsbibliothek","status":"publish","type":"post","link":"https:\/\/blogs.fu-berlin.de\/bibliotheken\/2011\/08\/30\/feueralarme-in-der-universitatsbibliothek\/","title":{"rendered":"Feueralarme in der Universit\u00e4tsbibliothek"},"content":{"rendered":"<p><a rel=\"attachment wp-att-8691\" href=\"https:\/\/blogs.fu-berlin.de\/bibliotheken\/2011\/08\/30\/feueralarme-in-der-universitatsbibliothek\/88px-fireicon-svg\/\"><img loading=\"lazy\" decoding=\"async\" class=\"alignright size-full wp-image-8691\" title=\"88px-FireIcon.svg\" src=\"https:\/\/blogs.fu-berlin.de\/bibliotheken\/files\/2011\/08\/88px-FireIcon.svg_.png\" alt=\"\" width=\"88\" height=\"120\" align=\"right\" \/><\/a>Bedingt durch die Bauarbeiten in der Universit\u00e4tsbibliothek, die noch ungef\u00e4hr bis November andauern werden, kommt es leider in der letzten Zeit h\u00e4ufiger zu Feueralarmen.<\/p>\n<p>Wir bitten die Nutzer und Nutzerinnen dem UB-Personal unbedingt Folge zu leisten, zur eigenen Sicherheit umgehend das Haus zu verlassen und den Sammelplatz vor dem Haupteingang aufzusuchen. Ob es sich tats\u00e4chlich um einen nicht durch Feuer, sondern durch die Bauarbeiten ausgel\u00f6sten Alarm handelt, k\u00f6nnen auch die Mitarbeiterinnen und Mitarbeiter erst wissen, wenn dort von offizieller Stelle bekannt gegeben wird, dass keine Gefahr besteht.<\/p>\n<p>Wir entschuldigen uns f\u00fcr die Unannehmlichkeiten und bedanken uns f\u00fcr Ihr Verst\u00e4ndnis!<\/p>\n<h6>Danke f\u00fcr dieses Posting an Sabine Hertel sowie Prof. Dr. Ulrich Naumann, Direktor der Universit\u00e4tsbibliothek.<\/h6>\n<h6>Danke f\u00fcr die Grafik an <a href=\"https:\/\/commons.wikimedia.org\/wiki\/File:FireIcon.svg\">Wikimedia Commons<\/a>!<\/h6>\n","protected":false},"excerpt":{"rendered":"<p>Bedingt durch die Bauarbeiten in der Universit\u00e4tsbibliothek, die noch ungef\u00e4hr bis November andauern werden, kommt es leider in der letzten Zeit h\u00e4ufiger zu Feueralarmen. Wir bitten die Nutzer und Nutzerinnen dem UB-Personal unbedingt Folge zu leisten, zur eigenen Sicherheit umgehend das Haus zu verlassen und den Sammelplatz vor dem Haupteingang aufzusuchen. Ob es sich tats\u00e4chlich &hellip; <a href=\"https:\/\/blogs.fu-berlin.de\/bibliotheken\/2011\/08\/30\/feueralarme-in-der-universitatsbibliothek\/\" class=\"more-link\"><span class=\"screen-reader-text\">\u201eFeueralarme in der Universit\u00e4tsbibliothek\u201c<\/span> weiterlesen<\/a><\/p>\n","protected":false},"author":293,"featured_media":0,"comment_status":"open","ping_status":"open","sticky":false,"template":"","format":"standard","meta":{"footnotes":""},"categories":[601],"tags":[2457],"class_list":["post-8688","post","type-post","status-publish","format-standard","hentry","category-universitatsbibliothek","tag-feueralarm"],"_links":{"self":[{"href":"https:\/\/blogs.fu-berlin.de\/bibliotheken\/wp-json\/wp\/v2\/posts\/8688","targetHints":{"allow":["GET"]}}],"collection":[{"href":"https:\/\/blogs.fu-berlin.de\/bibliotheken\/wp-json\/wp\/v2\/posts"}],"about":[{"href":"https:\/\/blogs.fu-berlin.de\/bibliotheken\/wp-json\/wp\/v2\/types\/post"}],"author":[{"embeddable":true,"href":"https:\/\/blogs.fu-berlin.de\/bibliotheken\/wp-json\/wp\/v2\/users\/293"}],"replies":[{"embeddable":true,"href":"https:\/\/blogs.fu-berlin.de\/bibliotheken\/wp-json\/wp\/v2\/comments?post=8688"}],"version-history":[{"count":11,"href":"https:\/\/blogs.fu-berlin.de\/bibliotheken\/wp-json\/wp\/v2\/posts\/8688\/revisions"}],"predecessor-version":[{"id":8700,"href":"https:\/\/blogs.fu-berlin.de\/bibliotheken\/wp-json\/wp\/v2\/posts\/8688\/revisions\/8700"}],"wp:attachment":[{"href":"https:\/\/blogs.fu-berlin.de\/bibliotheken\/wp-json\/wp\/v2\/media?parent=8688"}],"wp:term":[{"taxonomy":"category","embeddable":true,"href":"https:\/\/blogs.fu-berlin.de\/bibliotheken\/wp-json\/wp\/v2\/categories?post=8688"},{"taxonomy":"post_tag","embeddable":true,"href":"https:\/\/blogs.fu-berlin.de\/bibliotheken\/wp-json\/wp\/v2\/tags?post=8688"}],"curies":[{"name":"wp","href":"https:\/\/api.w.org\/{rel}","templated":true}]}}