{"id":8703,"date":"2011-09-06T10:13:37","date_gmt":"2011-09-06T09:13:37","guid":{"rendered":"https:\/\/blogs.fu-berlin.de\/bibliotheken\/?p=8703"},"modified":"2021-09-07T14:09:47","modified_gmt":"2021-09-07T13:09:47","slug":"dokumentationszentrum-un-eu-wird-erweitert","status":"publish","type":"post","link":"https:\/\/blogs.fu-berlin.de\/bibliotheken\/2011\/09\/06\/dokumentationszentrum-un-eu-wird-erweitert\/","title":{"rendered":"Dokumentationszentrum UN-EU wird erweitert"},"content":{"rendered":"\n<p><em><span class=\"has-inline-color has-bright-red-color\">Der Betrieb des &#8222;Dokumentationszentrums UN &#8211; EU&#8220; wird eingestellt. Die entsprechende Literatur bleibt im Bestand und ist weiterhin zug\u00e4nglich.<\/span><\/em><\/p>\n\n\n<p>Wie einige NutzerInnen des Lesesaals der Universit\u00e4tsbibliothek sicher schon bemerkt haben, finden zurzeit Baumassnahmen im Bereich des <a href=\"https:\/\/www.ub.fu-berlin.de\/bibliothek\/uneu\/\">Dokumentationszentrum UN-EU<\/a> statt.<\/p>\n<p>Wichtige Prim\u00e4rpublikationen (u.a. die Official Records der Vereinten Nationen und die Sitzungsprotokolle des Europ\u00e4ischen Parlaments) werden aus dem Zeitschriftenfreihandmagazin in das Dokumentationszentrum umgestellt.<\/p>\n<p>Damit erreichen wir eine Aufwertung des Bereiches, indem die wichtigen Periodika zuk\u00fcnftig dort aufgestellt sind, wo sie inhaltlich hingeh\u00f6ren und somit die Benutzung wesentlich erleichtert wird.<\/p>\n<p>Die Umbauarbeiten werden noch einige Wochen dauern. Wir bem\u00fchen uns, die l\u00e4rmintensiven Arbeiten in die Zeiten vor der Benutzung zu legen, um die \u00d6ffnungszeiten des Dokumentationszentrum gew\u00e4hrleisten zu k\u00f6nnen.<\/p>\n<p>Das Sonderregal mit den Heften des laufenden Jahrgangs von stark nachgefragten Zeitschriften wie Spiegel, Spektrum der Wissenschaft, Psychologie heute, Test usw. wird zwischenzeitlich in den hinteren Bereich des Raums verlagert werden.<\/p>\n<p>Wir bitten um Verst\u00e4ndnis. Ihre Universit\u00e4tsbibliothek.<\/p>\n<h6>Dank f\u00fcr dieses Posting an Sabine Hertel, Mitarbeiterin des Dokumentationszentrums UN-EU.<\/h6>","protected":false},"excerpt":{"rendered":"<p>Der Betrieb des &#8222;Dokumentationszentrums UN &#8211; EU&#8220; wird eingestellt. Die entsprechende Literatur bleibt im Bestand und ist weiterhin zug\u00e4nglich. Wie einige NutzerInnen des Lesesaals der Universit\u00e4tsbibliothek sicher schon bemerkt haben, finden zurzeit Baumassnahmen im Bereich des Dokumentationszentrum UN-EU statt. Wichtige Prim\u00e4rpublikationen (u.a. die Official Records der Vereinten Nationen und die Sitzungsprotokolle des Europ\u00e4ischen Parlaments) werden &hellip; <a href=\"https:\/\/blogs.fu-berlin.de\/bibliotheken\/2011\/09\/06\/dokumentationszentrum-un-eu-wird-erweitert\/\" class=\"more-link\"><span class=\"screen-reader-text\">\u201eDokumentationszentrum UN-EU wird erweitert\u201c<\/span> weiterlesen<\/a><\/p>\n","protected":false},"author":265,"featured_media":0,"comment_status":"open","ping_status":"open","sticky":false,"template":"","format":"standard","meta":{"footnotes":""},"categories":[601],"tags":[2458,891],"class_list":["post-8703","post","type-post","status-publish","format-standard","hentry","category-universitatsbibliothek","tag-dokumentationszentrum-un-eu","tag-umbau"],"_links":{"self":[{"href":"https:\/\/blogs.fu-berlin.de\/bibliotheken\/wp-json\/wp\/v2\/posts\/8703","targetHints":{"allow":["GET"]}}],"collection":[{"href":"https:\/\/blogs.fu-berlin.de\/bibliotheken\/wp-json\/wp\/v2\/posts"}],"about":[{"href":"https:\/\/blogs.fu-berlin.de\/bibliotheken\/wp-json\/wp\/v2\/types\/post"}],"author":[{"embeddable":true,"href":"https:\/\/blogs.fu-berlin.de\/bibliotheken\/wp-json\/wp\/v2\/users\/265"}],"replies":[{"embeddable":true,"href":"https:\/\/blogs.fu-berlin.de\/bibliotheken\/wp-json\/wp\/v2\/comments?post=8703"}],"version-history":[{"count":17,"href":"https:\/\/blogs.fu-berlin.de\/bibliotheken\/wp-json\/wp\/v2\/posts\/8703\/revisions"}],"predecessor-version":[{"id":29036,"href":"https:\/\/blogs.fu-berlin.de\/bibliotheken\/wp-json\/wp\/v2\/posts\/8703\/revisions\/29036"}],"wp:attachment":[{"href":"https:\/\/blogs.fu-berlin.de\/bibliotheken\/wp-json\/wp\/v2\/media?parent=8703"}],"wp:term":[{"taxonomy":"category","embeddable":true,"href":"https:\/\/blogs.fu-berlin.de\/bibliotheken\/wp-json\/wp\/v2\/categories?post=8703"},{"taxonomy":"post_tag","embeddable":true,"href":"https:\/\/blogs.fu-berlin.de\/bibliotheken\/wp-json\/wp\/v2\/tags?post=8703"}],"curies":[{"name":"wp","href":"https:\/\/api.w.org\/{rel}","templated":true}]}}