{"id":8716,"date":"2011-08-31T10:38:23","date_gmt":"2011-08-31T09:38:23","guid":{"rendered":"https:\/\/blogs.fu-berlin.de\/bibliotheken\/?p=8716"},"modified":"2011-08-31T10:43:05","modified_gmt":"2011-08-31T09:43:05","slug":"new-york-times-bleibt-bei-lexisnexis","status":"publish","type":"post","link":"https:\/\/blogs.fu-berlin.de\/bibliotheken\/2011\/08\/31\/new-york-times-bleibt-bei-lexisnexis\/","title":{"rendered":"New York Times bleibt bei LexisNexis"},"content":{"rendered":"<p><img loading=\"lazy\" decoding=\"async\" class=\"alignright\" title=\"LexisNexis\" src=\"https:\/\/www.lexisnexis.com\/de\/business\/images\/ImgLexisNexisLogo.gif?version=1313767346000\" alt=\"\" width=\"130\" height=\"25\" align=\"right\" \/>Wie die LexisNexis Group vorgestern <a href=\"https:\/\/www.marketwatch.com\/story\/lexisnexis-reaches-long-term-content-agreement-with-the-new-york-times-2011-08-29\">bekannt gab<\/a>, werden die Inhalte der <em>New York Times<\/em> auch die kommenden Jahre \u00fcber Bestandteil des Angebots bleiben. Ein Langzeitvertrag \u00fcber zehn Jahre wurde abgeschlossen, der neben den Printinhalten auch in Zukunft die \u00dcbernahme der NYT-Blog-Inhalte und des \u2013Text-Feed-Services vorsieht.<\/p>\n<p>LexisNexis bietet seit den 1970er Jahren einen Online-Volltextdienst, der Rechts-, Medien- und Wirtschaftsinformationen miteinschlie\u00dft. Die Freie Universit\u00e4t hat u. a. die Datenbank <a href=\"https:\/\/vs13.kobv.de\/V\/portal=FUBERLIN&amp;institute=FUBERLIN&amp;?func=find-db-1-title&amp;mode=titles&amp;azlist=N&amp;scan_utf=&amp;scan_start=lexisnexis+wirtschaft&amp;search_type=contains&amp;restricted=all\">LexisNexis Wirtschaft<\/a> lizenziert. In dieser k\u00f6nnen FU-Angeh\u00f6rige kostenfrei auf tagesaktuelle Artikel und Archive deutscher Presseerzeugnisse (u. a. <em>Spiegel<\/em>, <em>Zeit<\/em>, <em>Welt<\/em>) sowie der wichtigsten internationalen Medien (z. B. <em>The Guardian<\/em>, <em>Le Monde<\/em>, <em>El Pa\u00eds<\/em> oder eben die <em>New York Times<\/em>) zugreifen.<\/p>\n<p>In der Vergangenheit war es leider des \u00d6fteren dazu gekommen, dass bekannte Zeitungsverlage ihre Vertr\u00e4ge mit LexisNexis nicht verl\u00e4ngert hatten, darunter die <em>S\u00fcddeutsche Zeitung<\/em>, die mit einem eigenen Online-Archiv ihre Inhalte vertreibt (ebenfalls von der FU angeboten: das <a href=\"https:\/\/vs13.kobv.de\/V\/portal=FUBERLIN&amp;institute=FUBERLIN&amp;?func=find-db-1-title&amp;mode=titles&amp;azlist=N&amp;scan_utf=&amp;scan_start=sz+online-archiv&amp;search_type=contains&amp;restricted=all\">S\u00fcddeutsche Zeitung: Online-Archiv<\/a>).<\/p>\n","protected":false},"excerpt":{"rendered":"<p>Wie die LexisNexis Group vorgestern bekannt gab, werden die Inhalte der New York Times auch die kommenden Jahre \u00fcber Bestandteil des Angebots bleiben. Ein Langzeitvertrag \u00fcber zehn Jahre wurde abgeschlossen, der neben den Printinhalten auch in Zukunft die \u00dcbernahme der NYT-Blog-Inhalte und des \u2013Text-Feed-Services vorsieht. LexisNexis bietet seit den 1970er Jahren einen Online-Volltextdienst, der Rechts-, &hellip; <a href=\"https:\/\/blogs.fu-berlin.de\/bibliotheken\/2011\/08\/31\/new-york-times-bleibt-bei-lexisnexis\/\" class=\"more-link\"><span class=\"screen-reader-text\">\u201eNew York Times bleibt bei LexisNexis\u201c<\/span> weiterlesen<\/a><\/p>\n","protected":false},"author":293,"featured_media":0,"comment_status":"open","ping_status":"open","sticky":false,"template":"","format":"standard","meta":{"footnotes":""},"categories":[604],"tags":[2459,1773,877],"class_list":["post-8716","post","type-post","status-publish","format-standard","hentry","category-ins-netz-geschaut","tag-lexisnexis","tag-lexisnexis-wirtschaft","tag-new-york-times"],"_links":{"self":[{"href":"https:\/\/blogs.fu-berlin.de\/bibliotheken\/wp-json\/wp\/v2\/posts\/8716","targetHints":{"allow":["GET"]}}],"collection":[{"href":"https:\/\/blogs.fu-berlin.de\/bibliotheken\/wp-json\/wp\/v2\/posts"}],"about":[{"href":"https:\/\/blogs.fu-berlin.de\/bibliotheken\/wp-json\/wp\/v2\/types\/post"}],"author":[{"embeddable":true,"href":"https:\/\/blogs.fu-berlin.de\/bibliotheken\/wp-json\/wp\/v2\/users\/293"}],"replies":[{"embeddable":true,"href":"https:\/\/blogs.fu-berlin.de\/bibliotheken\/wp-json\/wp\/v2\/comments?post=8716"}],"version-history":[{"count":7,"href":"https:\/\/blogs.fu-berlin.de\/bibliotheken\/wp-json\/wp\/v2\/posts\/8716\/revisions"}],"predecessor-version":[{"id":8720,"href":"https:\/\/blogs.fu-berlin.de\/bibliotheken\/wp-json\/wp\/v2\/posts\/8716\/revisions\/8720"}],"wp:attachment":[{"href":"https:\/\/blogs.fu-berlin.de\/bibliotheken\/wp-json\/wp\/v2\/media?parent=8716"}],"wp:term":[{"taxonomy":"category","embeddable":true,"href":"https:\/\/blogs.fu-berlin.de\/bibliotheken\/wp-json\/wp\/v2\/categories?post=8716"},{"taxonomy":"post_tag","embeddable":true,"href":"https:\/\/blogs.fu-berlin.de\/bibliotheken\/wp-json\/wp\/v2\/tags?post=8716"}],"curies":[{"name":"wp","href":"https:\/\/api.w.org\/{rel}","templated":true}]}}