{"id":8724,"date":"2011-08-31T11:34:21","date_gmt":"2011-08-31T10:34:21","guid":{"rendered":"https:\/\/blogs.fu-berlin.de\/bibliotheken\/?p=8724"},"modified":"2011-08-31T11:40:31","modified_gmt":"2011-08-31T10:40:31","slug":"podiumsdiskussion-welche-zukunft-fur-berlins-bibliotheken-am-12-september","status":"publish","type":"post","link":"https:\/\/blogs.fu-berlin.de\/bibliotheken\/2011\/08\/31\/podiumsdiskussion-welche-zukunft-fur-berlins-bibliotheken-am-12-september\/","title":{"rendered":"Podiumsdiskussion &#8222;Welche Zukunft f\u00fcr Berlins Bibliotheken?&#8220; am 12. September"},"content":{"rendered":"<p>Sechs Tage vor der Abgeordnetenhauswahl in Berlin findet am Montag, den 12. September 2011, um 18 Uhr im Berlin-Saal der Berliner Stadtbibliothek (Breite Str. 30-36 in Berlin-Mitte) eine Podiumsdiskussion zur Zukunft der Berliner Bibliotheken statt. Anwesend sein werden Vertreter der CDU, SPD, Gr\u00fcnen, FDP und Linken sowie Stefan Rogge, gesch\u00e4ftsf\u00fchrender Vorsitzender des Landesverbandes Berlin im Deutschen Bibliotheksverband e. V. (dbv).<\/p>\n<p>Der Landesverband Berlin und die Landesgruppe Berlin des Berufsverbands Information Bibliothek (BIB) haben bereits in diesem Fr\u00fchjahr vier sogenannte \u201eWahlpr\u00fcfsteine\u201c an die Fraktionsvorsitzenden in Berliner Abgeordnetenhaus verschickt, um deren Positionen zur Entwicklung der Berliner Bibliotheken zu erfahren. Diese werden Grundlage f\u00fcr die Diskussion sein. Die schriftlichen Antworten der Parteien findet man auf der <a href=\"https:\/\/www.bibliotheksverband.de\/landesverbaende\/berlin\/aktivitaeten\/wahlpruefsteine.html\">Webseite des dbv<\/a>.<\/p>\n<p>Schon seit Jahren wird sich in Berlin wie auch in anderen deutschen Bundesl\u00e4ndern u. a. f\u00fcr ein Bibliotheksgesetz engagiert (in Th\u00fcringen, Sachsen-Anhalt und Hessen war man bereits erfolgreich). Dieses soll Bibliotheken als Kultur- und Bildungseinrichtungen st\u00e4rken und zur Pflichtaufgabe der Politik machen. Auf diese Weise erhofft man sich ein Ende der Bibliotheksschlie\u00dfungen und der Verschlechterung des Medienangebots vor allem an \u00d6ffentlichen Bibliotheken.<\/p>\n<h6>Gesehen im <a href=\"https:\/\/weblog.ib.hu-berlin.de\/?p=9057\">IBI-Weblog<\/a> der HU<\/h6>\n","protected":false},"excerpt":{"rendered":"<p>Sechs Tage vor der Abgeordnetenhauswahl in Berlin findet am Montag, den 12. September 2011, um 18 Uhr im Berlin-Saal der Berliner Stadtbibliothek (Breite Str. 30-36 in Berlin-Mitte) eine Podiumsdiskussion zur Zukunft der Berliner Bibliotheken statt. Anwesend sein werden Vertreter der CDU, SPD, Gr\u00fcnen, FDP und Linken sowie Stefan Rogge, gesch\u00e4ftsf\u00fchrender Vorsitzender des Landesverbandes Berlin im &hellip; <a href=\"https:\/\/blogs.fu-berlin.de\/bibliotheken\/2011\/08\/31\/podiumsdiskussion-welche-zukunft-fur-berlins-bibliotheken-am-12-september\/\" class=\"more-link\"><span class=\"screen-reader-text\">\u201ePodiumsdiskussion &#8222;Welche Zukunft f\u00fcr Berlins Bibliotheken?&#8220; am 12. September\u201c<\/span> weiterlesen<\/a><\/p>\n","protected":false},"author":293,"featured_media":0,"comment_status":"open","ping_status":"open","sticky":false,"template":"","format":"standard","meta":{"footnotes":""},"categories":[599],"tags":[2462,2461,2460],"class_list":["post-8724","post","type-post","status-publish","format-standard","hentry","category-bibliothekswesen","tag-berliner-stadtbibliothek","tag-offentliche-bibliothek","tag-podiumsdiskussion"],"_links":{"self":[{"href":"https:\/\/blogs.fu-berlin.de\/bibliotheken\/wp-json\/wp\/v2\/posts\/8724","targetHints":{"allow":["GET"]}}],"collection":[{"href":"https:\/\/blogs.fu-berlin.de\/bibliotheken\/wp-json\/wp\/v2\/posts"}],"about":[{"href":"https:\/\/blogs.fu-berlin.de\/bibliotheken\/wp-json\/wp\/v2\/types\/post"}],"author":[{"embeddable":true,"href":"https:\/\/blogs.fu-berlin.de\/bibliotheken\/wp-json\/wp\/v2\/users\/293"}],"replies":[{"embeddable":true,"href":"https:\/\/blogs.fu-berlin.de\/bibliotheken\/wp-json\/wp\/v2\/comments?post=8724"}],"version-history":[{"count":7,"href":"https:\/\/blogs.fu-berlin.de\/bibliotheken\/wp-json\/wp\/v2\/posts\/8724\/revisions"}],"predecessor-version":[{"id":8730,"href":"https:\/\/blogs.fu-berlin.de\/bibliotheken\/wp-json\/wp\/v2\/posts\/8724\/revisions\/8730"}],"wp:attachment":[{"href":"https:\/\/blogs.fu-berlin.de\/bibliotheken\/wp-json\/wp\/v2\/media?parent=8724"}],"wp:term":[{"taxonomy":"category","embeddable":true,"href":"https:\/\/blogs.fu-berlin.de\/bibliotheken\/wp-json\/wp\/v2\/categories?post=8724"},{"taxonomy":"post_tag","embeddable":true,"href":"https:\/\/blogs.fu-berlin.de\/bibliotheken\/wp-json\/wp\/v2\/tags?post=8724"}],"curies":[{"name":"wp","href":"https:\/\/api.w.org\/{rel}","templated":true}]}}