{"id":8737,"date":"2011-08-31T13:18:10","date_gmt":"2011-08-31T12:18:10","guid":{"rendered":"https:\/\/blogs.fu-berlin.de\/bibliotheken\/?p=8737"},"modified":"2011-08-31T13:18:10","modified_gmt":"2011-08-31T12:18:10","slug":"verlangerte-wochenendoffnungszeiten-in-der-philologischen-bibliothek-wahrend-der-reparaturarbeiten-an-der-ausenhulle","status":"publish","type":"post","link":"https:\/\/blogs.fu-berlin.de\/bibliotheken\/2011\/08\/31\/verlangerte-wochenendoffnungszeiten-in-der-philologischen-bibliothek-wahrend-der-reparaturarbeiten-an-der-ausenhulle\/","title":{"rendered":"Verl\u00e4ngerte Wochenend\u00f6ffnungszeiten in der Philologischen Bibliothek w\u00e4hrend der Reparaturarbeiten an der Au\u00dfenh\u00fclle"},"content":{"rendered":"<p>Vom 3.9.2011 bis Ende des Jahres wird die Philologische Bibliothek     am Samstag und Sonntag statt bis 18.00 Uhr jeweils bis 20.00 Uhr     ge\u00f6ffnet sein, um w\u00e4hrend der f\u00fcr Montag bis Freitag bis jeweils     etwa 15 Uhr geplanten <a href=\"https:\/\/www.fu-berlin.de\/campusleben\/campus\/2011\/110815_philbib_bau\/index.html\" target=\"_blank\">Reparaturarbeiten<\/a> an der Au\u00dfenh\u00fclle erweiterte     Arbeitsm\u00f6glichkeiten an den ruhigen Wochenenden anbieten zu k\u00f6nnen.<\/p>\n","protected":false},"excerpt":{"rendered":"<p>Vom 3.9.2011 bis Ende des Jahres wird die Philologische Bibliothek am Samstag und Sonntag statt bis 18.00 Uhr jeweils bis 20.00 Uhr ge\u00f6ffnet sein, um w\u00e4hrend der f\u00fcr Montag bis Freitag bis jeweils etwa 15 Uhr geplanten Reparaturarbeiten an der Au\u00dfenh\u00fclle erweiterte Arbeitsm\u00f6glichkeiten an den ruhigen Wochenenden anbieten zu k\u00f6nnen.<\/p>\n","protected":false},"author":388,"featured_media":0,"comment_status":"open","ping_status":"open","sticky":false,"template":"","format":"standard","meta":{"footnotes":""},"categories":[600],"tags":[641,515],"class_list":["post-8737","post","type-post","status-publish","format-standard","hentry","category-fachbibliotheken","tag-offnungszeiten","tag-philologische-bibliothek"],"_links":{"self":[{"href":"https:\/\/blogs.fu-berlin.de\/bibliotheken\/wp-json\/wp\/v2\/posts\/8737","targetHints":{"allow":["GET"]}}],"collection":[{"href":"https:\/\/blogs.fu-berlin.de\/bibliotheken\/wp-json\/wp\/v2\/posts"}],"about":[{"href":"https:\/\/blogs.fu-berlin.de\/bibliotheken\/wp-json\/wp\/v2\/types\/post"}],"author":[{"embeddable":true,"href":"https:\/\/blogs.fu-berlin.de\/bibliotheken\/wp-json\/wp\/v2\/users\/388"}],"replies":[{"embeddable":true,"href":"https:\/\/blogs.fu-berlin.de\/bibliotheken\/wp-json\/wp\/v2\/comments?post=8737"}],"version-history":[{"count":2,"href":"https:\/\/blogs.fu-berlin.de\/bibliotheken\/wp-json\/wp\/v2\/posts\/8737\/revisions"}],"predecessor-version":[{"id":8739,"href":"https:\/\/blogs.fu-berlin.de\/bibliotheken\/wp-json\/wp\/v2\/posts\/8737\/revisions\/8739"}],"wp:attachment":[{"href":"https:\/\/blogs.fu-berlin.de\/bibliotheken\/wp-json\/wp\/v2\/media?parent=8737"}],"wp:term":[{"taxonomy":"category","embeddable":true,"href":"https:\/\/blogs.fu-berlin.de\/bibliotheken\/wp-json\/wp\/v2\/categories?post=8737"},{"taxonomy":"post_tag","embeddable":true,"href":"https:\/\/blogs.fu-berlin.de\/bibliotheken\/wp-json\/wp\/v2\/tags?post=8737"}],"curies":[{"name":"wp","href":"https:\/\/api.w.org\/{rel}","templated":true}]}}