{"id":8745,"date":"2011-09-01T10:04:58","date_gmt":"2011-09-01T09:04:58","guid":{"rendered":"https:\/\/blogs.fu-berlin.de\/bibliotheken\/?p=8745"},"modified":"2011-09-01T10:04:58","modified_gmt":"2011-09-01T09:04:58","slug":"privatbibliothek-des-historikers-und-judaisten-ernst-ludwig-ehrlich-eingearbeitet","status":"publish","type":"post","link":"https:\/\/blogs.fu-berlin.de\/bibliotheken\/2011\/09\/01\/privatbibliothek-des-historikers-und-judaisten-ernst-ludwig-ehrlich-eingearbeitet\/","title":{"rendered":"Privatbibliothek des Historikers und Judaisten Ernst Ludwig Ehrlich eingearbeitet"},"content":{"rendered":"<p>Rund 8400 B\u00fccher und Zeitschriften aus dem Nachlass des Judaisten und Historikers Ernst Ludwig Ehrlich vermachte seine Witwe Sylvia Ehrlich der Bibliothek des Seminars f\u00fcr Katholische Theologie der Freien Universit\u00e4t. <\/p>\n<p>Nach einem Jahr bibliothekarischer Erfassung der umfangreichen Werksammlung zum j\u00fcdisch-christlichen Dialog wurde Sylvia Ehrlich symbolisch eine Bibliografie \u00fcberreicht, die Interessierte kostenlos vom Dokumentenserver der Freien Universit\u00e4t Berlin heruntergeladen werden kann:<\/p>\n<blockquote><p><a href=\"https:\/\/edocs.fu-berlin.de\/docs\/receive\/FUDOCS_document_000000011553\">Bibliografie der nachgelassenen Privatbibliothek von Ernst Ludwig Ehrlich.<\/a> &#8211; Elektronische Ressource \/ Rainer Kampling, Michael Franke &#8230; (Hrsg.). &#8211; August 2011. &#8211; Berlin : Freie Univ. Berlin, 2011. &#8211; 707 S.\n<\/p><\/blockquote>\n<p>Mehr Information \u00fcber die Sammlung und \u00fcber Ernst Ludwig Ehrlich, der 2003 die Ehrendoktorw\u00fcrde der Freien Universit\u00e4t Berlin zugesprochen bekam, vermittelt der <a href=\"https:\/\/www.fu-berlin.de\/campusleben\/lernen-und-lehren\/2011\/110830_ehrlich\/index.html\">Artikel von Gisela Gross im Online-Journal campus.leben von 31. August 2011<\/a>.<\/p>\n","protected":false},"excerpt":{"rendered":"<p>Rund 8400 B\u00fccher und Zeitschriften aus dem Nachlass des Judaisten und Historikers Ernst Ludwig Ehrlich vermachte seine Witwe Sylvia Ehrlich der Bibliothek des Seminars f\u00fcr Katholische Theologie der Freien Universit\u00e4t. Nach einem Jahr bibliothekarischer Erfassung der umfangreichen Werksammlung zum j\u00fcdisch-christlichen Dialog wurde Sylvia Ehrlich symbolisch eine Bibliografie \u00fcberreicht, die Interessierte kostenlos vom Dokumentenserver der Freien &hellip; <a href=\"https:\/\/blogs.fu-berlin.de\/bibliotheken\/2011\/09\/01\/privatbibliothek-des-historikers-und-judaisten-ernst-ludwig-ehrlich-eingearbeitet\/\" class=\"more-link\"><span class=\"screen-reader-text\">\u201ePrivatbibliothek des Historikers und Judaisten Ernst Ludwig Ehrlich eingearbeitet\u201c<\/span> weiterlesen<\/a><\/p>\n","protected":false},"author":265,"featured_media":0,"comment_status":"open","ping_status":"open","sticky":false,"template":"","format":"standard","meta":{"footnotes":""},"categories":[600,518],"tags":[2466],"class_list":["post-8745","post","type-post","status-publish","format-standard","hentry","category-fachbibliotheken","category-fu-kataloge","tag-bibliothek-ehrlich"],"_links":{"self":[{"href":"https:\/\/blogs.fu-berlin.de\/bibliotheken\/wp-json\/wp\/v2\/posts\/8745","targetHints":{"allow":["GET"]}}],"collection":[{"href":"https:\/\/blogs.fu-berlin.de\/bibliotheken\/wp-json\/wp\/v2\/posts"}],"about":[{"href":"https:\/\/blogs.fu-berlin.de\/bibliotheken\/wp-json\/wp\/v2\/types\/post"}],"author":[{"embeddable":true,"href":"https:\/\/blogs.fu-berlin.de\/bibliotheken\/wp-json\/wp\/v2\/users\/265"}],"replies":[{"embeddable":true,"href":"https:\/\/blogs.fu-berlin.de\/bibliotheken\/wp-json\/wp\/v2\/comments?post=8745"}],"version-history":[{"count":5,"href":"https:\/\/blogs.fu-berlin.de\/bibliotheken\/wp-json\/wp\/v2\/posts\/8745\/revisions"}],"predecessor-version":[{"id":8750,"href":"https:\/\/blogs.fu-berlin.de\/bibliotheken\/wp-json\/wp\/v2\/posts\/8745\/revisions\/8750"}],"wp:attachment":[{"href":"https:\/\/blogs.fu-berlin.de\/bibliotheken\/wp-json\/wp\/v2\/media?parent=8745"}],"wp:term":[{"taxonomy":"category","embeddable":true,"href":"https:\/\/blogs.fu-berlin.de\/bibliotheken\/wp-json\/wp\/v2\/categories?post=8745"},{"taxonomy":"post_tag","embeddable":true,"href":"https:\/\/blogs.fu-berlin.de\/bibliotheken\/wp-json\/wp\/v2\/tags?post=8745"}],"curies":[{"name":"wp","href":"https:\/\/api.w.org\/{rel}","templated":true}]}}