{"id":8798,"date":"2011-09-02T18:02:03","date_gmt":"2011-09-02T17:02:03","guid":{"rendered":"https:\/\/blogs.fu-berlin.de\/bibliotheken\/?p=8798"},"modified":"2011-09-05T10:13:37","modified_gmt":"2011-09-05T09:13:37","slug":"shortlist-fur-die-hotlist-2011","status":"publish","type":"post","link":"https:\/\/blogs.fu-berlin.de\/bibliotheken\/2011\/09\/02\/shortlist-fur-die-hotlist-2011\/","title":{"rendered":"Shortlist f\u00fcr die &#8222;Hotlist 2011&#8220;"},"content":{"rendered":"<p><a rel=\"attachment wp-att-8799\" href=\"https:\/\/blogs.fu-berlin.de\/bibliotheken\/2011\/09\/02\/shortlist-fur-die-hotlist-2011\/hotlist2011\/\"><img loading=\"lazy\" decoding=\"async\" class=\"alignright size-full wp-image-8799\" title=\"hotlist2011\" src=\"https:\/\/blogs.fu-berlin.de\/bibliotheken\/files\/2011\/09\/hotlist2011.gif\" alt=\"\" width=\"140\" height=\"123\" align=\"right\" \/><\/a>Unter dem Titel \u201e<a href=\"https:\/\/www.hotlist-online.com\/\">Hotlist<\/a>\u201c organisieren seit 2009 unabh\u00e4ngige Verlage aus \u00d6sterreich, Deutschland und der Schweiz einen eigenen Buchpreis. Im Gegensatz zum beispielsweise Deutschen Buchpreis k\u00f6nnen sich sowohl Romane, Lyrik, Sachb\u00fccher, Anthologien, Graphic Novels oder auch Essays bewerben. Ebenso sind \u00dcbersetzungen fremdsprachiger Autoren willkommen.<\/p>\n<p>Im Jahr 2011 wurden \u00fcber 140 Vorschl\u00e4ge eingereicht (die alle auf der offiziellen Webpr\u00e4senz einsehbar sind). Diese wurden durch ein Kuratorium auf 30 Titel reduziert. Die sieben Jurymitglieder aus Deutschland, \u00d6sterreich und der Schweiz w\u00e4hlten davon sieben auf die Shortlist, das Internetpublikum drei. Der Siegertitel wird w\u00e4hrend der Frankfurter Buchmesse von der Jury bekanntgeben. Auf den Gewinner warten f\u00fcnftausend Euro. Unter den Nominierten ist  u. a. Peter Kurzecks \u00fcber tausendseitige autobiographisch-poetischen Chronik \u201eVorabend\u201c vertreten, der es nicht auf die Shortlist des Deutschen Buchpreises schaffte. Interessant auch der Titel \u201eArchiv verworfener M\u00f6glichkeiten\u201c, bei dem 35 deutschsprachige Autoren Geschichten zu Bildern und Montagen erfanden.<\/p>\n<p><!--more--><\/p>\n<p>Die Hotlist 2011 im \u00dcberblick:<\/p>\n<ul>\n<li>Naomi Schenck\/Ulrich R\u00fcdenauer (Hrsg.): <em>Archiv verworfener M\u00f6glichkeiten<\/em> (Belleville)<\/li>\n<\/ul>\n<ul>\n<li>Joseph Mitchell: <em>McSorley&#8217;s Wonderful Saloon<\/em> (Diaphanes)<\/li>\n<\/ul>\n<ul>\n<li> Monique Schwitter: <em>Goldfischged\u00e4chtnis<\/em> (Droschel)<\/li>\n<\/ul>\n<ul>\n<li> Nino Haratischwili: <em>Mein sanfter Zwilling<\/em> (Frankfurter Verlagsanstalt)<\/li>\n<\/ul>\n<ul>\n<li>John Ashbery: <em>Ein weltgewandtes Land<\/em> (luxbooks)<\/li>\n<\/ul>\n<ul>\n<li> Lee Rourke: <em>Der Kanal<\/em> (mairisch Verlag)<\/li>\n<\/ul>\n<ul>\n<li> Akos Doma: <em>Die allgemeine Tauglichkeit<\/em> (Rotbuch Verlag) &#8211; <a href=\"https:\/\/aleph-www.ub.fu-berlin.de\/F\/?func=item-global&amp;doc_library=FUB01&amp;doc_number=004238406\">im FU-Bestand<\/a><\/li>\n<\/ul>\n<ul>\n<li> Steven Uhly: <em>Adams Fuge<\/em> (Secession Verlag)<\/li>\n<\/ul>\n<ul>\n<li> Peter Kurzeck: <em>Vorabend<\/em> (Stroemfeld Verlag) &#8211; <a href=\"https:\/\/aleph-www.ub.fu-berlin.de\/F\/?func=item-global&amp;doc_library=FUB01&amp;doc_number=004246166\">im FU-Bestand<\/a><\/li>\n<\/ul>\n<ul>\n<li> Erich M\u00fchsam (Hrsg.: Chris Hirte und Conrad Piens): <em>Tageb\u00fccher Band 1 \/ 1910\u20131911<\/em> (Verbrecher Verlag) &#8211; u. a. <a href=\"https:\/\/aleph-www.ub.fu-berlin.de\/F\/?func=item-global&amp;doc_library=FUB01&amp;doc_number=000373408\">Ausg. von 1995 (Tageb\u00fccher 1910-1924) im FU-Bestand<\/a><\/li>\n<\/ul>\n<p>Wie auch bei der Short List des\u00a0 Deutschen Buchpreises k\u00f6nnen die zehn  nominierten Titel in Ausz\u00fcgen bei einem kommerziellen E-Book-H\u00e4ndler  <a href=\"https:\/\/www.hotlist-online.com\/die-hotlist-2011\/\">kostenfrei gelesen<\/a> werden.<\/p>\n","protected":false},"excerpt":{"rendered":"<p>Unter dem Titel \u201eHotlist\u201c organisieren seit 2009 unabh\u00e4ngige Verlage aus \u00d6sterreich, Deutschland und der Schweiz einen eigenen Buchpreis. Im Gegensatz zum beispielsweise Deutschen Buchpreis k\u00f6nnen sich sowohl Romane, Lyrik, Sachb\u00fccher, Anthologien, Graphic Novels oder auch Essays bewerben. Ebenso sind \u00dcbersetzungen fremdsprachiger Autoren willkommen. Im Jahr 2011 wurden \u00fcber 140 Vorschl\u00e4ge eingereicht (die alle auf der &hellip; <a href=\"https:\/\/blogs.fu-berlin.de\/bibliotheken\/2011\/09\/02\/shortlist-fur-die-hotlist-2011\/\" class=\"more-link\"><span class=\"screen-reader-text\">\u201eShortlist f\u00fcr die &#8222;Hotlist 2011&#8220;\u201c<\/span> weiterlesen<\/a><\/p>\n","protected":false},"author":293,"featured_media":0,"comment_status":"open","ping_status":"open","sticky":false,"template":"","format":"standard","meta":{"footnotes":""},"categories":[604,492],"tags":[2475,1050],"class_list":["post-8798","post","type-post","status-publish","format-standard","hentry","category-ins-netz-geschaut","category-literaturtipps","tag-hotlist-2011","tag-shortlist"],"_links":{"self":[{"href":"https:\/\/blogs.fu-berlin.de\/bibliotheken\/wp-json\/wp\/v2\/posts\/8798","targetHints":{"allow":["GET"]}}],"collection":[{"href":"https:\/\/blogs.fu-berlin.de\/bibliotheken\/wp-json\/wp\/v2\/posts"}],"about":[{"href":"https:\/\/blogs.fu-berlin.de\/bibliotheken\/wp-json\/wp\/v2\/types\/post"}],"author":[{"embeddable":true,"href":"https:\/\/blogs.fu-berlin.de\/bibliotheken\/wp-json\/wp\/v2\/users\/293"}],"replies":[{"embeddable":true,"href":"https:\/\/blogs.fu-berlin.de\/bibliotheken\/wp-json\/wp\/v2\/comments?post=8798"}],"version-history":[{"count":9,"href":"https:\/\/blogs.fu-berlin.de\/bibliotheken\/wp-json\/wp\/v2\/posts\/8798\/revisions"}],"predecessor-version":[{"id":8807,"href":"https:\/\/blogs.fu-berlin.de\/bibliotheken\/wp-json\/wp\/v2\/posts\/8798\/revisions\/8807"}],"wp:attachment":[{"href":"https:\/\/blogs.fu-berlin.de\/bibliotheken\/wp-json\/wp\/v2\/media?parent=8798"}],"wp:term":[{"taxonomy":"category","embeddable":true,"href":"https:\/\/blogs.fu-berlin.de\/bibliotheken\/wp-json\/wp\/v2\/categories?post=8798"},{"taxonomy":"post_tag","embeddable":true,"href":"https:\/\/blogs.fu-berlin.de\/bibliotheken\/wp-json\/wp\/v2\/tags?post=8798"}],"curies":[{"name":"wp","href":"https:\/\/api.w.org\/{rel}","templated":true}]}}