{"id":8835,"date":"2011-09-07T10:40:38","date_gmt":"2011-09-07T09:40:38","guid":{"rendered":"https:\/\/blogs.fu-berlin.de\/bibliotheken\/?p=8835"},"modified":"2011-09-07T10:41:04","modified_gmt":"2011-09-07T09:41:04","slug":"internationales-literaturfestival-startet-in-berlin","status":"publish","type":"post","link":"https:\/\/blogs.fu-berlin.de\/bibliotheken\/2011\/09\/07\/internationales-literaturfestival-startet-in-berlin\/","title":{"rendered":"Internationales Literaturfestival startet in Berlin"},"content":{"rendered":"<p><a rel=\"attachment wp-att-8838\" href=\"https:\/\/blogs.fu-berlin.de\/bibliotheken\/2011\/09\/07\/internationales-literaturfestival-startet-in-berlin\/berlinerfestspiele\/\"><img loading=\"lazy\" decoding=\"async\" class=\"alignright size-full wp-image-8838\" title=\"berlinerfestspiele\" src=\"https:\/\/blogs.fu-berlin.de\/bibliotheken\/files\/2011\/09\/berlinerfestspiele.jpg\" alt=\"\" width=\"150\" height=\"112\" align=\"right\" \/><\/a>Mit dem <a href=\"https:\/\/www.literaturfestival.com\/\">internationalen literaturfestival berlin<\/a> (ilb) beginnt ab heute wieder ein Mammutprogramm um zeitgen\u00f6ssische Prosa und Lyrik aus aller Welt. Bis zum 17. September sind in Berlin rund 200 Veranstaltungen angesagt, an denen 140 Autoren aus 53 L\u00e4ndern teilnehmen sollen. Der Hauptveranstaltungsort ist 2011 vom Haus der Kulturen der Welt in das renovierte Haus der Berliner Festspiele in die Schaperstra\u00dfe (Bild) gezogen.<\/p>\n<p>Das Festival, das zum elften Mal von der Peter-Weiss-Stiftung f\u00fcr Kunst und Politik e. V. und den Berliner Festspielen veranstaltet wird, teilt sich in verschiedene Sparten (s. <a href=\"https:\/\/www.literaturfestival.com\/news\/unsere-programm-ist-als-pdf-da\">offizielles Festivalprogramm<\/a>). Im Programm \u201eLiteraturen der Welt\u201c treten international so bekannten Autoren wie Nobelpreistr\u00e4ger Mario Vargas Llosa (<em>Der Traum der Kelten<\/em>), Pulitzerpreistr\u00e4ger Paul Harding (<em>Tinker<\/em>), A. S. Byatt (<em>Das Buch der Kinder<\/em>) die Krimi-Schriftstellerinnen Kathy Reichs und Patricia Cornwell oder Melinda Nadj Abonji, letztj\u00e4hrige Gewinnerin des Deutschen Buchpreises f\u00fcr <em>Tauben fliegen auf<\/em>, in Erscheinung.<\/p>\n<p>Eine eigene Sparte widmet sich der Literatur aus dem Asien-Pazifik-Raum, darunter auch den chinesischen Regime-Kritikern Liao Yiwu, Ai Weiwei oder Liu Xiaobo, w\u00e4hrend der marokkanische Schriftsteller Tahar Ben Jelloun das Festival heute Abend um 18 Uhr offiziell er\u00f6ffnen wird. In seinem im April ver\u00f6ffentlichten Buch <em>Arabischer Fr\u00fchling<\/em> widmet er sich der aktuellen Entwicklung der Aufst\u00e4nde und steht pers\u00f6nlich Rede und Antwort. Neu ist ein verst\u00e4rkter Fokus auf Comics bzw. Graphic Novels, dem an kommenden Samstag ein ganzer Tag gewidmet ist. Am Tag darauf, den 11. September, wird sich das Festival mit einem &#8222;Literarischen Konzert&#8220; auch den Terroranschl\u00e4gen von vor zehn Jahren ann\u00e4hern.<\/p>\n<p>Erg\u00e4nzt wird das Angebot wieder um szenische Lesungen, Work Shops, politische Diskussionen, Ausstellungen sowie Filmvorf\u00fchrungen.<\/p>\n<h6>Bild: <a href=\"https:\/\/commons.wikimedia.org\/wiki\/File:Haus-festspiele.jpg?uselang=de\">A.Savin (GFDL\/CC-BY-SA)<\/a><\/h6>\n","protected":false},"excerpt":{"rendered":"<p>Mit dem internationalen literaturfestival berlin (ilb) beginnt ab heute wieder ein Mammutprogramm um zeitgen\u00f6ssische Prosa und Lyrik aus aller Welt. Bis zum 17. September sind in Berlin rund 200 Veranstaltungen angesagt, an denen 140 Autoren aus 53 L\u00e4ndern teilnehmen sollen. Der Hauptveranstaltungsort ist 2011 vom Haus der Kulturen der Welt in das renovierte Haus der &hellip; <a href=\"https:\/\/blogs.fu-berlin.de\/bibliotheken\/2011\/09\/07\/internationales-literaturfestival-startet-in-berlin\/\" class=\"more-link\"><span class=\"screen-reader-text\">\u201eInternationales Literaturfestival startet in Berlin\u201c<\/span> weiterlesen<\/a><\/p>\n","protected":false},"author":293,"featured_media":0,"comment_status":"open","ping_status":"open","sticky":false,"template":"","format":"standard","meta":{"footnotes":""},"categories":[604,70],"tags":[2484,1982,1981],"class_list":["post-8835","post","type-post","status-publish","format-standard","hentry","category-ins-netz-geschaut","category-veranstaltungen","tag-haus-der-berliner-festspiele","tag-ilb","tag-internationales-literaturfestival-berlin"],"_links":{"self":[{"href":"https:\/\/blogs.fu-berlin.de\/bibliotheken\/wp-json\/wp\/v2\/posts\/8835","targetHints":{"allow":["GET"]}}],"collection":[{"href":"https:\/\/blogs.fu-berlin.de\/bibliotheken\/wp-json\/wp\/v2\/posts"}],"about":[{"href":"https:\/\/blogs.fu-berlin.de\/bibliotheken\/wp-json\/wp\/v2\/types\/post"}],"author":[{"embeddable":true,"href":"https:\/\/blogs.fu-berlin.de\/bibliotheken\/wp-json\/wp\/v2\/users\/293"}],"replies":[{"embeddable":true,"href":"https:\/\/blogs.fu-berlin.de\/bibliotheken\/wp-json\/wp\/v2\/comments?post=8835"}],"version-history":[{"count":9,"href":"https:\/\/blogs.fu-berlin.de\/bibliotheken\/wp-json\/wp\/v2\/posts\/8835\/revisions"}],"predecessor-version":[{"id":8845,"href":"https:\/\/blogs.fu-berlin.de\/bibliotheken\/wp-json\/wp\/v2\/posts\/8835\/revisions\/8845"}],"wp:attachment":[{"href":"https:\/\/blogs.fu-berlin.de\/bibliotheken\/wp-json\/wp\/v2\/media?parent=8835"}],"wp:term":[{"taxonomy":"category","embeddable":true,"href":"https:\/\/blogs.fu-berlin.de\/bibliotheken\/wp-json\/wp\/v2\/categories?post=8835"},{"taxonomy":"post_tag","embeddable":true,"href":"https:\/\/blogs.fu-berlin.de\/bibliotheken\/wp-json\/wp\/v2\/tags?post=8835"}],"curies":[{"name":"wp","href":"https:\/\/api.w.org\/{rel}","templated":true}]}}