{"id":8864,"date":"2011-09-08T13:28:00","date_gmt":"2011-09-08T12:28:00","guid":{"rendered":"https:\/\/blogs.fu-berlin.de\/bibliotheken\/?p=8864"},"modified":"2011-09-08T13:28:00","modified_gmt":"2011-09-08T12:28:00","slug":"online-bibliographie-zu-friedrich-holderlin","status":"publish","type":"post","link":"https:\/\/blogs.fu-berlin.de\/bibliotheken\/2011\/09\/08\/online-bibliographie-zu-friedrich-holderlin\/","title":{"rendered":"Online-Bibliographie zu Friedrich H\u00f6lderlin"},"content":{"rendered":"<p>In der <a href=\"https:\/\/vs13.kobv.de\/V\/portal=FUBERLIN&amp;institute=FUBERLIN&amp;?func=find-db-1-title&amp;mode=titles&amp;azlist=N&amp;scan_utf=&amp;scan_start=h\u00f6lderlin&amp;search_type=contains&amp;restricted=all\">Internationalen H\u00f6lderlin-Bibliographie Online<\/a> (IHB online) werden  ab 1984 im H\u00f6lderlin-Archiv der W\u00fcrttembergischen Landesbibliothek  Stuttgart eingegangenen Neuerwerbungen dokumentiert. Ma\u00dfgeblich ist das  Zugangs-, nicht das Erscheinungsjahr. Nachgewiesen werden selbstst\u00e4ndig  und unselbstst\u00e4ndig erschienene Dokumente (u. a. Quellenliteratur,  Sekund\u00e4rliteratur, Rezensionen, Graue Literatur, Zeitungsausschnitte).  Noten und Tontr\u00e4ger werden vollst\u00e4ndig verzeichnet und ausgewertet. Die  Datenbank l\u00f6ste die bis 1996 erschienene Druckausgabe ab, kommt f\u00fcr Kenner von Primo oder dem FU-Katalog layouttechnisch etwas &#8222;altmodisch&#8220; daher &#8211; aber man gelangt dennoch zum Ziel.<\/p>\n<p>Nicht  in IHB online verzeichnet werden Anthologien, sofern diese nicht zus\u00e4tzliche  Erl\u00e4uterungen enthalten oder aus anderen Gr\u00fcnden von herausragender  Bedeutung f\u00fcr die H\u00f6lderlin-Rezeption sind.<\/p>\n","protected":false},"excerpt":{"rendered":"<p>In der Internationalen H\u00f6lderlin-Bibliographie Online (IHB online) werden ab 1984 im H\u00f6lderlin-Archiv der W\u00fcrttembergischen Landesbibliothek Stuttgart eingegangenen Neuerwerbungen dokumentiert. Ma\u00dfgeblich ist das Zugangs-, nicht das Erscheinungsjahr. Nachgewiesen werden selbstst\u00e4ndig und unselbstst\u00e4ndig erschienene Dokumente (u. a. Quellenliteratur, Sekund\u00e4rliteratur, Rezensionen, Graue Literatur, Zeitungsausschnitte). Noten und Tontr\u00e4ger werden vollst\u00e4ndig verzeichnet und ausgewertet. Die Datenbank l\u00f6ste die bis 1996 &hellip; <a href=\"https:\/\/blogs.fu-berlin.de\/bibliotheken\/2011\/09\/08\/online-bibliographie-zu-friedrich-holderlin\/\" class=\"more-link\"><span class=\"screen-reader-text\">\u201eOnline-Bibliographie zu Friedrich H\u00f6lderlin\u201c<\/span> weiterlesen<\/a><\/p>\n","protected":false},"author":293,"featured_media":0,"comment_status":"open","ping_status":"open","sticky":false,"template":"","format":"standard","meta":{"footnotes":""},"categories":[457,584805],"tags":[843,2491],"class_list":["post-8864","post","type-post","status-publish","format-standard","hentry","category-digitale-bibliothek","category-was-ist-neu","tag-fachbibliographie","tag-friedrich-holderlin"],"_links":{"self":[{"href":"https:\/\/blogs.fu-berlin.de\/bibliotheken\/wp-json\/wp\/v2\/posts\/8864","targetHints":{"allow":["GET"]}}],"collection":[{"href":"https:\/\/blogs.fu-berlin.de\/bibliotheken\/wp-json\/wp\/v2\/posts"}],"about":[{"href":"https:\/\/blogs.fu-berlin.de\/bibliotheken\/wp-json\/wp\/v2\/types\/post"}],"author":[{"embeddable":true,"href":"https:\/\/blogs.fu-berlin.de\/bibliotheken\/wp-json\/wp\/v2\/users\/293"}],"replies":[{"embeddable":true,"href":"https:\/\/blogs.fu-berlin.de\/bibliotheken\/wp-json\/wp\/v2\/comments?post=8864"}],"version-history":[{"count":5,"href":"https:\/\/blogs.fu-berlin.de\/bibliotheken\/wp-json\/wp\/v2\/posts\/8864\/revisions"}],"predecessor-version":[{"id":8869,"href":"https:\/\/blogs.fu-berlin.de\/bibliotheken\/wp-json\/wp\/v2\/posts\/8864\/revisions\/8869"}],"wp:attachment":[{"href":"https:\/\/blogs.fu-berlin.de\/bibliotheken\/wp-json\/wp\/v2\/media?parent=8864"}],"wp:term":[{"taxonomy":"category","embeddable":true,"href":"https:\/\/blogs.fu-berlin.de\/bibliotheken\/wp-json\/wp\/v2\/categories?post=8864"},{"taxonomy":"post_tag","embeddable":true,"href":"https:\/\/blogs.fu-berlin.de\/bibliotheken\/wp-json\/wp\/v2\/tags?post=8864"}],"curies":[{"name":"wp","href":"https:\/\/api.w.org\/{rel}","templated":true}]}}