{"id":8937,"date":"2011-09-20T15:50:03","date_gmt":"2011-09-20T14:50:03","guid":{"rendered":"https:\/\/blogs.fu-berlin.de\/bibliotheken\/?p=8937"},"modified":"2011-09-20T15:50:03","modified_gmt":"2011-09-20T14:50:03","slug":"ausstellung-in-der-ub-50-jahre-amnesty-international","status":"publish","type":"post","link":"https:\/\/blogs.fu-berlin.de\/bibliotheken\/2011\/09\/20\/ausstellung-in-der-ub-50-jahre-amnesty-international\/","title":{"rendered":"Ausstellung in der UB: 50 Jahre Amnesty International"},"content":{"rendered":"<p><img loading=\"lazy\" decoding=\"async\" alt=\"\" src=\"https:\/\/amnesty-gruppe1581.de\/pics\/plakat-thumb.jpg\" class=\"alignright\" width=\"225\" height=\"320\" vspace=\"4\" hspace=\"4\" \/>Aus Anlass des 50j\u00e4hrigen Bestehens von Amnesty International veranstaltet die<a href=\"https:\/\/www.ub.fu-berlin.de\/service_neu\/ausstellung\/\"> Gruppe 1581 in der Universit\u00e4tsbibliothek (UB) der Freien Universit\u00e4t eine Ausstellung<\/a>: Auf Plakaten und in Texten werden Geschichte und Entwicklung von Amnesty International, sowie zahlreiche Projekte vorgestellt.<\/p>\n<p>Die Gruppe 1581 ist eine von \u00fcber 40 Amnesty-Gruppen in Berlin und Brandenburg. Seit vielen Jahren ist sie im Bereich Einzelfallarbeit, bei Aktionen und Kampagnen, im Arbeitskreis Menschenrechtsbildung und im B\u00fcro Berlin-Brandenburg t\u00e4tig.<\/p>\n<p>Zu sehen ist die Ausstellung vom 19.09. &#8211; 03.11.2011 im Foyer der Universit\u00e4tsbibliothek in der Garystr. 39 von Mo &#8211; Fr von 9.00 &#8211; 20.00 Uhr.<\/p>\n<p>Wer sich f\u00fcr Menschenrechte interessiert, dem sei die Dokumentation zur <a href=\"https:\/\/www.ub.fu-berlin.de\/service_neu\/ubpubl\/mitarbeiter\/dbe\/UDHR60\/UDHR60-uebersicht.html\">Ausstellung &#8222;60 Jahre Allgemeine Erkl\u00e4rung der Menschenrechte&#8220;<\/a> empfohlen, die die UB 2008\/2009 gezeigt hat.<\/p>\n","protected":false},"excerpt":{"rendered":"<p>Aus Anlass des 50j\u00e4hrigen Bestehens von Amnesty International veranstaltet die Gruppe 1581 in der Universit\u00e4tsbibliothek (UB) der Freien Universit\u00e4t eine Ausstellung: Auf Plakaten und in Texten werden Geschichte und Entwicklung von Amnesty International, sowie zahlreiche Projekte vorgestellt. Die Gruppe 1581 ist eine von \u00fcber 40 Amnesty-Gruppen in Berlin und Brandenburg. Seit vielen Jahren ist sie &hellip; <a href=\"https:\/\/blogs.fu-berlin.de\/bibliotheken\/2011\/09\/20\/ausstellung-in-der-ub-50-jahre-amnesty-international\/\" class=\"more-link\"><span class=\"screen-reader-text\">\u201eAusstellung in der UB: 50 Jahre Amnesty International\u201c<\/span> weiterlesen<\/a><\/p>\n","protected":false},"author":265,"featured_media":0,"comment_status":"open","ping_status":"open","sticky":false,"template":"","format":"standard","meta":{"footnotes":""},"categories":[601,70],"tags":[2514,581],"class_list":["post-8937","post","type-post","status-publish","format-standard","hentry","category-universitatsbibliothek","category-veranstaltungen","tag-50-jahre-amnesty-international","tag-ausstellung"],"_links":{"self":[{"href":"https:\/\/blogs.fu-berlin.de\/bibliotheken\/wp-json\/wp\/v2\/posts\/8937","targetHints":{"allow":["GET"]}}],"collection":[{"href":"https:\/\/blogs.fu-berlin.de\/bibliotheken\/wp-json\/wp\/v2\/posts"}],"about":[{"href":"https:\/\/blogs.fu-berlin.de\/bibliotheken\/wp-json\/wp\/v2\/types\/post"}],"author":[{"embeddable":true,"href":"https:\/\/blogs.fu-berlin.de\/bibliotheken\/wp-json\/wp\/v2\/users\/265"}],"replies":[{"embeddable":true,"href":"https:\/\/blogs.fu-berlin.de\/bibliotheken\/wp-json\/wp\/v2\/comments?post=8937"}],"version-history":[{"count":8,"href":"https:\/\/blogs.fu-berlin.de\/bibliotheken\/wp-json\/wp\/v2\/posts\/8937\/revisions"}],"predecessor-version":[{"id":8945,"href":"https:\/\/blogs.fu-berlin.de\/bibliotheken\/wp-json\/wp\/v2\/posts\/8937\/revisions\/8945"}],"wp:attachment":[{"href":"https:\/\/blogs.fu-berlin.de\/bibliotheken\/wp-json\/wp\/v2\/media?parent=8937"}],"wp:term":[{"taxonomy":"category","embeddable":true,"href":"https:\/\/blogs.fu-berlin.de\/bibliotheken\/wp-json\/wp\/v2\/categories?post=8937"},{"taxonomy":"post_tag","embeddable":true,"href":"https:\/\/blogs.fu-berlin.de\/bibliotheken\/wp-json\/wp\/v2\/tags?post=8937"}],"curies":[{"name":"wp","href":"https:\/\/api.w.org\/{rel}","templated":true}]}}