{"id":9018,"date":"2011-10-06T12:43:55","date_gmt":"2011-10-06T11:43:55","guid":{"rendered":"https:\/\/blogs.fu-berlin.de\/bibliotheken\/?p=9018"},"modified":"2017-10-06T08:12:30","modified_gmt":"2017-10-06T07:12:30","slug":"literaturnobelpreis-fur-tomas-transtromer","status":"publish","type":"post","link":"https:\/\/blogs.fu-berlin.de\/bibliotheken\/2011\/10\/06\/literaturnobelpreis-fur-tomas-transtromer\/","title":{"rendered":"Literaturnobelpreis f\u00fcr Tomas Transtr\u00f6mer"},"content":{"rendered":"<p><a rel=\"attachment wp-att-9020\" href=\"https:\/\/blogs.fu-berlin.de\/bibliotheken\/2011\/10\/06\/literaturnobelpreis-fur-tomas-transtromer\/transtroemer\/\"><img loading=\"lazy\" decoding=\"async\" class=\"alignright size-full wp-image-9020\" title=\"Transtroemer\" src=\"https:\/\/blogs.fu-berlin.de\/bibliotheken\/files\/2011\/10\/Transtroemer.jpg\" alt=\"\" width=\"113\" height=\"120\" align=\"right\" \/><\/a>Der <a href=\"https:\/\/nobelprize.org\/nobel_prizes\/literature\/\">Nobelpreis f\u00fcr Literatur<\/a> geht in diesem Jahr an Tomas Transtr\u00f6mer, wie am Donnerstag das Nobelpreis-Komitee in Stockholm bekanntgab. Der 80-j\u00e4hrige schwedische Lyriker weise \u201euns in komprimierten, erhellenden Bildern neue Wege zum Wirklichen\u201c, so die offizielle Begr\u00fcndung. Transtr\u00f6mer war seit Jahren als Mitfavorit auf den wichtigsten Literaturpreis gehandelt worden und hatte am letzten Tag auch bei den Buchmachern die F\u00fchrungsposition von Rockpoet Bob Dylan \u00fcbernommen. Zuletzt hatte 1996 mit der Polin Wis\u0142awa Szymborska eine Lyrikerin triumphiert.<\/p>\n<p>Der Redakteurssohn studierte Literatur- und Religionsgeschichte sowie Psychologie in seiner Heimatstadt Stockholm und war in den 1960er Jahren als Psychologe in einer Jugendstrafanstalt, sp\u00e4ter als Berufsberater f\u00fcr Arbeits\u00e4mter t\u00e4tig. Bereits in seiner Schulzeit begann Transtr\u00f6mer erste Gedichte zu ver\u00f6ffentlichen. Sein erster Sammelband \u201e17 dikter\u201c (17 Gedichte) erschien 1954. In den folgenden Jahrzehnten etablierte er sich mit weniger als 100 Texten als bedeutendster schwedischer Lyriker der Gegenwart, der nach <a href=\"https:\/\/vs13.kobv.de\/V\/?func=find-db-1-title&amp;mode=titles&amp;azlist=N&amp;scan_utf=&amp;scan_start=kindlers&amp;search_type=contains&amp;restricted=all\">Kindlers Literatur-Lexikon<\/a> mit seinen metaphernreichen, oft verschl\u00fcsselten Versen die geistige Freiheit des Menschen gegen die materialistische Welt behauptet. Die <a href=\"https:\/\/vs13.kobv.de\/V\/?func=find-db-1-title&amp;mode=titles&amp;azlist=N&amp;scan_utf=&amp;scan_start=britannica&amp;search_type=contains&amp;restricted=all\">Encyclopedia Britannica<\/a> weist ihn sogar als am h\u00e4ufigsten ins Englische \u00fcbersetzten skandinavischen Autoren des 20. Jh. nach.<\/p>\n<p>Dar\u00fcber hinaus war Transtr\u00f6mer als \u00dcbersetzer f\u00fcr die Gedichte von Robert Bly, J\u00e1nos Pilinszky und Boris Pasternak t\u00e4tig. Nach einem schweren Schlaganfall im Jahr 1990 handeln seine Texte von der Schwierigkeit des Schreibens und er nahm sich des Haiku als Gedichtform an. Im Bestand der Universit\u00e4tsbibliothek der FU findet sich Transtr\u00f6mers Gedichtband <a href=\"https:\/\/aleph-www.ub.fu-berlin.de\/F\/?func=item-global&amp;doc_library=FUB01&amp;doc_number=000214741\">Der Mond und die Auszeit<\/a> (1992) sowie ein Gedichtband aus dem Jahr 1969 (<a href=\"https:\/\/aleph-www.ub.fu-berlin.de\/F\/?func=item-global&amp;doc_library=FUB01&amp;doc_number=000982357\">bereits vorgemerkt<\/a>).<\/p>\n<p>Die &#8222;Nobelpreis-Woche&#8220; ist mit Transtr\u00f6mers Sieg noch nicht beendet. Nachdem die Gewinner f\u00fcr die Sparten Medizin\/Physiologie, Physik, Chemie und Literatur feststehen, wird am Freitag der Friedensnobelpreistr\u00e4ger bekanntgegeben. Hoffnungen auf die Auszeichnungen k\u00f6nnen sich 241 Kandidaten machen &#8211; so viele wie nie zuvor. Unter den Nominierten sind 188 Einzelpersonen und 53 Organisationen vertreten, darunter z. B. die Enth\u00fcllungsplattform WikiLeaks. Am 10. Oktober wird der Nobelpreis f\u00fcr Wirtschaft vergeben. Die Preis\u00fcbergabe an die Laureaten erfolgt allj\u00e4hrlich am 10. Dezember, dem Todestag Alfred Nobels.<\/p>\n<h6>Bild: <a href=\"https:\/\/commons.wikimedia.org\/wiki\/File:Transtroemer.jpg?uselang=de\">\u0410\u043d\u0434\u0440\u0435\u0439 \u0420\u043e\u043c\u0430\u043d\u0435\u043d\u043a\u043e (CC-BY-SA-3.0)<\/a><\/h6>\n","protected":false},"excerpt":{"rendered":"<p>Der Nobelpreis f\u00fcr Literatur geht in diesem Jahr an Tomas Transtr\u00f6mer, wie am Donnerstag das Nobelpreis-Komitee in Stockholm bekanntgab. Der 80-j\u00e4hrige schwedische Lyriker weise \u201euns in komprimierten, erhellenden Bildern neue Wege zum Wirklichen\u201c, so die offizielle Begr\u00fcndung. Transtr\u00f6mer war seit Jahren als Mitfavorit auf den wichtigsten Literaturpreis gehandelt worden und hatte am letzten Tag auch &hellip; <a href=\"https:\/\/blogs.fu-berlin.de\/bibliotheken\/2011\/10\/06\/literaturnobelpreis-fur-tomas-transtromer\/\" class=\"more-link\"><span class=\"screen-reader-text\">\u201eLiteraturnobelpreis f\u00fcr Tomas Transtr\u00f6mer\u201c<\/span> weiterlesen<\/a><\/p>\n","protected":false},"author":293,"featured_media":0,"comment_status":"open","ping_status":"open","sticky":false,"template":"","format":"standard","meta":{"footnotes":""},"categories":[604,492],"tags":[196583,196589],"class_list":["post-9018","post","type-post","status-publish","format-standard","hentry","category-ins-netz-geschaut","category-literaturtipps","tag-literaturnobelpreis","tag-tomas-transtroemer"],"_links":{"self":[{"href":"https:\/\/blogs.fu-berlin.de\/bibliotheken\/wp-json\/wp\/v2\/posts\/9018","targetHints":{"allow":["GET"]}}],"collection":[{"href":"https:\/\/blogs.fu-berlin.de\/bibliotheken\/wp-json\/wp\/v2\/posts"}],"about":[{"href":"https:\/\/blogs.fu-berlin.de\/bibliotheken\/wp-json\/wp\/v2\/types\/post"}],"author":[{"embeddable":true,"href":"https:\/\/blogs.fu-berlin.de\/bibliotheken\/wp-json\/wp\/v2\/users\/293"}],"replies":[{"embeddable":true,"href":"https:\/\/blogs.fu-berlin.de\/bibliotheken\/wp-json\/wp\/v2\/comments?post=9018"}],"version-history":[{"count":19,"href":"https:\/\/blogs.fu-berlin.de\/bibliotheken\/wp-json\/wp\/v2\/posts\/9018\/revisions"}],"predecessor-version":[{"id":9051,"href":"https:\/\/blogs.fu-berlin.de\/bibliotheken\/wp-json\/wp\/v2\/posts\/9018\/revisions\/9051"}],"wp:attachment":[{"href":"https:\/\/blogs.fu-berlin.de\/bibliotheken\/wp-json\/wp\/v2\/media?parent=9018"}],"wp:term":[{"taxonomy":"category","embeddable":true,"href":"https:\/\/blogs.fu-berlin.de\/bibliotheken\/wp-json\/wp\/v2\/categories?post=9018"},{"taxonomy":"post_tag","embeddable":true,"href":"https:\/\/blogs.fu-berlin.de\/bibliotheken\/wp-json\/wp\/v2\/tags?post=9018"}],"curies":[{"name":"wp","href":"https:\/\/api.w.org\/{rel}","templated":true}]}}