{"id":9025,"date":"2011-10-06T12:43:21","date_gmt":"2011-10-06T11:43:21","guid":{"rendered":"https:\/\/blogs.fu-berlin.de\/bibliotheken\/?p=9025"},"modified":"2011-10-06T19:15:43","modified_gmt":"2011-10-06T18:15:43","slug":"goodbye-steve-jobs","status":"publish","type":"post","link":"https:\/\/blogs.fu-berlin.de\/bibliotheken\/2011\/10\/06\/goodbye-steve-jobs\/","title":{"rendered":"Goodbye, Steve Jobs"},"content":{"rendered":"<p><a rel=\"attachment wp-att-9027\" href=\"https:\/\/blogs.fu-berlin.de\/bibliotheken\/2011\/10\/06\/goodbye-steve-jobs\/jobs\/\"><img loading=\"lazy\" decoding=\"async\" class=\"alignright size-full wp-image-9027\" title=\"jobs\" src=\"https:\/\/blogs.fu-berlin.de\/bibliotheken\/files\/2011\/10\/jobs.jpg\" alt=\"\" width=\"79\" height=\"119\" align=\"right\" \/><\/a>Steve Jobs, Kreativkopf und Mitgr\u00fcnder von Apple Inc. ist gestern am 5. Oktober in Kalifornien verstorben.<\/p>\n<p>Geboren 1955 wuchs er als Adoptivkind bei Paul und Clara Jobs in Kalifornien auf. Nach einem abgebrochenen Design-Studium lernte er Steve Wozniak bei Hewlett Packard kennen und gr\u00fcndete im Jahr 1976 die Firma Apple. In der Garage von Steve Jobs\u2018 Eltern fingen die beiden an, ihre ersten Computer aus Billigteilen zusammenzuschrauben. Zwei Jahre sp\u00e4ter war Jobs bereits Million\u00e4r.<\/p>\n<p>Nachdem er 1984 den Computermarkt mit Macintoshs revolutionierte, sorgte er siebzehn Jahre sp\u00e4ter f\u00fcr weitere folgenreiche Entscheidungen. 2001 erweiterte er Apples Produktpalette mit dem iPod und 2007 mit dem iPhone.<\/p>\n<p>Weitgehend unbekannt ist Jobs&#8216; Erfolg au\u00dferhalb von Apple. 1986 wurde er zum CEO von den Pixar Animation Studios und konnte auch auf dem Gebiet des Trickfilms neue Ma\u00dfst\u00e4be setzen. 1995 brachte er <em>Toy Story<\/em> mit in die Kinos \u2013 der erste ausschlie\u00dflich auf Computer-Animation beruhende Film.<\/p>\n<p>Nachdem 2009 gesundheitliche Probleme von Steve Jobs bekannt geworden waren, hatte er im Januar 2011 das Apple-Tagesgesch\u00e4ft aus gesundheitlichen Gr\u00fcnden an Tim Cook \u00fcbergeben. Er blieb bis zu seinem Tod jedoch weiterhin CEO von Apple.<\/p>\n<h6>Bild: <a href=\"https:\/\/commons.wikimedia.org\/wiki\/File:Steve_Jobs_Headshot_2010-CROP2.jpg\">MetalGearLiquid\/Matt Yohe (CC-BY-SA-3.0)<\/a><\/h6>\n<h6>Vielen Dank f\u00fcr dieses Posting an Joscha Petersen und Samuel Schlicht, Fachangestellte f\u00fcr Medien- und Informationsdienste an der Freien Universit\u00e4t Berlin<\/h6>\n","protected":false},"excerpt":{"rendered":"<p>Steve Jobs, Kreativkopf und Mitgr\u00fcnder von Apple Inc. ist gestern am 5. Oktober in Kalifornien verstorben. Geboren 1955 wuchs er als Adoptivkind bei Paul und Clara Jobs in Kalifornien auf. Nach einem abgebrochenen Design-Studium lernte er Steve Wozniak bei Hewlett Packard kennen und gr\u00fcndete im Jahr 1976 die Firma Apple. In der Garage von Steve &hellip; <a href=\"https:\/\/blogs.fu-berlin.de\/bibliotheken\/2011\/10\/06\/goodbye-steve-jobs\/\" class=\"more-link\"><span class=\"screen-reader-text\">\u201eGoodbye, Steve Jobs\u201c<\/span> weiterlesen<\/a><\/p>\n","protected":false},"author":293,"featured_media":0,"comment_status":"open","ping_status":"open","sticky":false,"template":"","format":"standard","meta":{"footnotes":""},"categories":[604],"tags":[2553,2554,2552],"class_list":["post-9025","post","type-post","status-publish","format-standard","hentry","category-ins-netz-geschaut","tag-apple","tag-nachruf","tag-steve-jobs"],"_links":{"self":[{"href":"https:\/\/blogs.fu-berlin.de\/bibliotheken\/wp-json\/wp\/v2\/posts\/9025","targetHints":{"allow":["GET"]}}],"collection":[{"href":"https:\/\/blogs.fu-berlin.de\/bibliotheken\/wp-json\/wp\/v2\/posts"}],"about":[{"href":"https:\/\/blogs.fu-berlin.de\/bibliotheken\/wp-json\/wp\/v2\/types\/post"}],"author":[{"embeddable":true,"href":"https:\/\/blogs.fu-berlin.de\/bibliotheken\/wp-json\/wp\/v2\/users\/293"}],"replies":[{"embeddable":true,"href":"https:\/\/blogs.fu-berlin.de\/bibliotheken\/wp-json\/wp\/v2\/comments?post=9025"}],"version-history":[{"count":9,"href":"https:\/\/blogs.fu-berlin.de\/bibliotheken\/wp-json\/wp\/v2\/posts\/9025\/revisions"}],"predecessor-version":[{"id":9055,"href":"https:\/\/blogs.fu-berlin.de\/bibliotheken\/wp-json\/wp\/v2\/posts\/9025\/revisions\/9055"}],"wp:attachment":[{"href":"https:\/\/blogs.fu-berlin.de\/bibliotheken\/wp-json\/wp\/v2\/media?parent=9025"}],"wp:term":[{"taxonomy":"category","embeddable":true,"href":"https:\/\/blogs.fu-berlin.de\/bibliotheken\/wp-json\/wp\/v2\/categories?post=9025"},{"taxonomy":"post_tag","embeddable":true,"href":"https:\/\/blogs.fu-berlin.de\/bibliotheken\/wp-json\/wp\/v2\/tags?post=9025"}],"curies":[{"name":"wp","href":"https:\/\/api.w.org\/{rel}","templated":true}]}}