{"id":9096,"date":"2011-10-17T15:14:06","date_gmt":"2011-10-17T14:14:06","guid":{"rendered":"https:\/\/blogs.fu-berlin.de\/bibliotheken\/?p=9096"},"modified":"2021-09-16T13:19:21","modified_gmt":"2021-09-16T12:19:21","slug":"agenda-fur-die-modernisierung-von-europas-hochschulsystemen","status":"publish","type":"post","link":"https:\/\/blogs.fu-berlin.de\/bibliotheken\/2011\/10\/17\/agenda-fur-die-modernisierung-von-europas-hochschulsystemen\/","title":{"rendered":"Agenda f\u00fcr die Modernisierung von Europas Hochschulsystemen"},"content":{"rendered":"\n<p><em><span class=\"has-inline-color has-bright-red-color\">Der Betrieb des \u201eDokumentationszentrums UN \u2013 EU\u201c wird eingestellt. Die entsprechende Literatur bleibt im Bestand und ist weiterhin zug\u00e4nglich.<\/span><\/em><\/p>\n\n\n<p>Allen Biblioblog-LeserInnen, die sich f\u00fcr Hochschulpolitik interessieren, wollen wir ein Dokument der Europ\u00e4ischen Kommission mit dem wohlkingenden Titel <a href=\"https:\/\/eur-lex.europa.eu\/LexUriServ\/LexUriServ.do?uri=COM:2011:0567:FIN:DE:PDF\">&#8222;Wachstum und Besch\u00e4ftigung unterst\u00fctzen \u2013 eine Agenda f\u00fcr die Modernisierung von Europas Hochschulsystemen&#8220;<\/a> empfehlen.<\/p>\n<p>Was wird bspw. geplant, um den Bildungsgrad zur Deckung von Europas Bedarf an Akademikern und Forschern anzuheben? Oder was sind die n\u00e4chste Schritte auf dem Weg zu einem intelligenten, nachhaltigen und integrativen europ\u00e4ischen Hochschulwesen?<\/p>\n<p>Spannende Themen &#8211; nachzulesen in obigem Dokument. <\/p>\n<h6>Dank f\u00fcr diesen Tipp an D\u00f6rte Braune-Egloff vom Dokumentationszentrum Vereinte Nationen \u2013 Europ\u00e4ische Union<\/h6>","protected":false},"excerpt":{"rendered":"<p>Der Betrieb des \u201eDokumentationszentrums UN \u2013 EU\u201c wird eingestellt. Die entsprechende Literatur bleibt im Bestand und ist weiterhin zug\u00e4nglich. Allen Biblioblog-LeserInnen, die sich f\u00fcr Hochschulpolitik interessieren, wollen wir ein Dokument der Europ\u00e4ischen Kommission mit dem wohlkingenden Titel &#8222;Wachstum und Besch\u00e4ftigung unterst\u00fctzen \u2013 eine Agenda f\u00fcr die Modernisierung von Europas Hochschulsystemen&#8220; empfehlen. Was wird bspw. geplant, &hellip; <a href=\"https:\/\/blogs.fu-berlin.de\/bibliotheken\/2011\/10\/17\/agenda-fur-die-modernisierung-von-europas-hochschulsystemen\/\" class=\"more-link\"><span class=\"screen-reader-text\">\u201eAgenda f\u00fcr die Modernisierung von Europas Hochschulsystemen\u201c<\/span> weiterlesen<\/a><\/p>\n","protected":false},"author":265,"featured_media":0,"comment_status":"open","ping_status":"open","sticky":false,"template":"","format":"standard","meta":{"footnotes":""},"categories":[604],"tags":[2571,2572],"class_list":["post-9096","post","type-post","status-publish","format-standard","hentry","category-ins-netz-geschaut","tag-hochschulwesen","tag-zukunft"],"_links":{"self":[{"href":"https:\/\/blogs.fu-berlin.de\/bibliotheken\/wp-json\/wp\/v2\/posts\/9096","targetHints":{"allow":["GET"]}}],"collection":[{"href":"https:\/\/blogs.fu-berlin.de\/bibliotheken\/wp-json\/wp\/v2\/posts"}],"about":[{"href":"https:\/\/blogs.fu-berlin.de\/bibliotheken\/wp-json\/wp\/v2\/types\/post"}],"author":[{"embeddable":true,"href":"https:\/\/blogs.fu-berlin.de\/bibliotheken\/wp-json\/wp\/v2\/users\/265"}],"replies":[{"embeddable":true,"href":"https:\/\/blogs.fu-berlin.de\/bibliotheken\/wp-json\/wp\/v2\/comments?post=9096"}],"version-history":[{"count":5,"href":"https:\/\/blogs.fu-berlin.de\/bibliotheken\/wp-json\/wp\/v2\/posts\/9096\/revisions"}],"predecessor-version":[{"id":29589,"href":"https:\/\/blogs.fu-berlin.de\/bibliotheken\/wp-json\/wp\/v2\/posts\/9096\/revisions\/29589"}],"wp:attachment":[{"href":"https:\/\/blogs.fu-berlin.de\/bibliotheken\/wp-json\/wp\/v2\/media?parent=9096"}],"wp:term":[{"taxonomy":"category","embeddable":true,"href":"https:\/\/blogs.fu-berlin.de\/bibliotheken\/wp-json\/wp\/v2\/categories?post=9096"},{"taxonomy":"post_tag","embeddable":true,"href":"https:\/\/blogs.fu-berlin.de\/bibliotheken\/wp-json\/wp\/v2\/tags?post=9096"}],"curies":[{"name":"wp","href":"https:\/\/api.w.org\/{rel}","templated":true}]}}