{"id":9127,"date":"2011-10-21T10:51:27","date_gmt":"2011-10-21T09:51:27","guid":{"rendered":"https:\/\/blogs.fu-berlin.de\/bibliotheken\/?p=9127"},"modified":"2011-10-21T10:53:30","modified_gmt":"2011-10-21T09:53:30","slug":"bibliothekare-mal-anders","status":"publish","type":"post","link":"https:\/\/blogs.fu-berlin.de\/bibliotheken\/2011\/10\/21\/bibliothekare-mal-anders\/","title":{"rendered":"Bibliothekare mal anders &#8230;"},"content":{"rendered":"<p>Unter dem Motto \u201e<a href=\"https:\/\/menofthestacks.com\/\">sexy librarians<\/a>\u201c gibt es jetzt schon einen Kalender f\u00fcr das Jahr 2012 zu bestellen. Anstatt freiz\u00fcgigen Frauen im Stile der \u201eKalender Girls\u201c stehen diesmal die Herren im Vordergrund. Zw\u00f6lf amerikanische Bibliothekare versuchen mit den verstaubten Vorurteilen ihres Berufsbildes aufzur\u00e4umen &#8211; der eine mehr, der andere weniger.<\/p>\n<p>Wie schon bei den altehrw\u00fcrdigen Damen aus England geht der Erl\u00f6s der \u201eMen of the Stacks\u201c aus dem Kalenderverkauf an einen wohlt\u00e4tigen Zweck &#8211; an das <a href=\"https:\/\/www.itgetsbetter.org\/\">It Gets Better Project<\/a>, das mit Videobotschaften gegen die Diskriminierung von schwulen und lesbischen High-School-Sch\u00fclern angeht.<\/p>\n<h6>Vielen Dank f\u00fcr dieses Posting an Joscha Petersen und Samuel Schlicht, Fachangestellte f\u00fcr Medien- und Informationsdienste an der Freien Universit\u00e4t Berlin (Gesehen bei <a href=\"https:\/\/www.newyorker.com\/online\/blogs\/books\/2011\/10\/men-of-the-stacks-library-calendar.html\">newyorker.com<\/a> \/ <a href=\"https:\/\/lisnews.org\/sexy_librariansmale_version\">LISNews)<\/a><\/h6>\n","protected":false},"excerpt":{"rendered":"<p>Unter dem Motto \u201esexy librarians\u201c gibt es jetzt schon einen Kalender f\u00fcr das Jahr 2012 zu bestellen. Anstatt freiz\u00fcgigen Frauen im Stile der \u201eKalender Girls\u201c stehen diesmal die Herren im Vordergrund. Zw\u00f6lf amerikanische Bibliothekare versuchen mit den verstaubten Vorurteilen ihres Berufsbildes aufzur\u00e4umen &#8211; der eine mehr, der andere weniger. Wie schon bei den altehrw\u00fcrdigen Damen &hellip; <a href=\"https:\/\/blogs.fu-berlin.de\/bibliotheken\/2011\/10\/21\/bibliothekare-mal-anders\/\" class=\"more-link\"><span class=\"screen-reader-text\">\u201eBibliothekare mal anders &#8230;\u201c<\/span> weiterlesen<\/a><\/p>\n","protected":false},"author":293,"featured_media":0,"comment_status":"open","ping_status":"open","sticky":false,"template":"","format":"standard","meta":{"footnotes":""},"categories":[604],"tags":[2583,929,2582],"class_list":["post-9127","post","type-post","status-publish","format-standard","hentry","category-ins-netz-geschaut","tag-bibliothekare","tag-kalender","tag-men-of-the-stacks"],"_links":{"self":[{"href":"https:\/\/blogs.fu-berlin.de\/bibliotheken\/wp-json\/wp\/v2\/posts\/9127","targetHints":{"allow":["GET"]}}],"collection":[{"href":"https:\/\/blogs.fu-berlin.de\/bibliotheken\/wp-json\/wp\/v2\/posts"}],"about":[{"href":"https:\/\/blogs.fu-berlin.de\/bibliotheken\/wp-json\/wp\/v2\/types\/post"}],"author":[{"embeddable":true,"href":"https:\/\/blogs.fu-berlin.de\/bibliotheken\/wp-json\/wp\/v2\/users\/293"}],"replies":[{"embeddable":true,"href":"https:\/\/blogs.fu-berlin.de\/bibliotheken\/wp-json\/wp\/v2\/comments?post=9127"}],"version-history":[{"count":5,"href":"https:\/\/blogs.fu-berlin.de\/bibliotheken\/wp-json\/wp\/v2\/posts\/9127\/revisions"}],"predecessor-version":[{"id":9132,"href":"https:\/\/blogs.fu-berlin.de\/bibliotheken\/wp-json\/wp\/v2\/posts\/9127\/revisions\/9132"}],"wp:attachment":[{"href":"https:\/\/blogs.fu-berlin.de\/bibliotheken\/wp-json\/wp\/v2\/media?parent=9127"}],"wp:term":[{"taxonomy":"category","embeddable":true,"href":"https:\/\/blogs.fu-berlin.de\/bibliotheken\/wp-json\/wp\/v2\/categories?post=9127"},{"taxonomy":"post_tag","embeddable":true,"href":"https:\/\/blogs.fu-berlin.de\/bibliotheken\/wp-json\/wp\/v2\/tags?post=9127"}],"curies":[{"name":"wp","href":"https:\/\/api.w.org\/{rel}","templated":true}]}}