{"id":9150,"date":"2011-10-27T11:48:32","date_gmt":"2011-10-27T10:48:32","guid":{"rendered":"https:\/\/blogs.fu-berlin.de\/bibliotheken\/?p=9150"},"modified":"2011-12-09T10:38:11","modified_gmt":"2011-12-09T09:38:11","slug":"oral-history-datenbank-refugee-voices-lizenziert","status":"publish","type":"post","link":"https:\/\/blogs.fu-berlin.de\/bibliotheken\/2011\/10\/27\/oral-history-datenbank-refugee-voices-lizenziert\/","title":{"rendered":"Oral-History-Datenbank &#8222;Refugee Voices&#8220; lizenziert"},"content":{"rendered":"<p><a href=\"https:\/\/blogs.fu-berlin.de\/bibliotheken\/?attachment_id=9188\"><img loading=\"lazy\" decoding=\"async\" class=\"alignright size-medium wp-image-9188\" title=\"auschwitz\" src=\"https:\/\/blogs.fu-berlin.de\/bibliotheken\/files\/2011\/10\/auschwitz-75x300.jpg\" alt=\"\" width=\"75\" height=\"300\" align=\"right\" srcset=\"https:\/\/blogs.fu-berlin.de\/bibliotheken\/files\/2011\/10\/auschwitz-75x300.jpg 75w, https:\/\/blogs.fu-berlin.de\/bibliotheken\/files\/2011\/10\/auschwitz.jpg 95w\" sizes=\"auto, (max-width: 75px) 85vw, 75px\" \/><\/a>Als erste Einrichtung in Deutschland bietet die Freie Universit\u00e4t Berlin Zugriff auf die Oral-History-Sammlung <a href=\"https:\/\/vs13.kobv.de\/V\/portal=FUBERLIN&amp;institute=FUBERLIN&amp;?func=find-db-1-title&amp;mode=titles&amp;azlist=N&amp;scan_utf=&amp;scan_start=refugee&amp;search_type=contains&amp;restricted=all\">Refugee Voices<\/a> der Association of Jewish Refugees (AJR). Die Datenbank enth\u00e4lt 150 lebensgeschichtliche Video-Interviews von j\u00fcdischen \u00dcberlebenden des Nationalsozialismus (NS) und erg\u00e4nzt die bisher angebotenen Plattformen <a href=\"https:\/\/vs13.kobv.de\/V\/portal=FUBERLIN&amp;institute=FUBERLIN&amp;?func=find-db-1-title&amp;mode=titles&amp;azlist=N&amp;scan_utf=&amp;scan_start=vha&amp;search_type=contains&amp;restricted=all\">Visual History Archive<\/a> (ca. 52.000 Interviews) sowie <a href=\"https:\/\/vs13.kobv.de\/V\/portal=FUBERLIN&amp;institute=FUBERLIN&amp;?func=find-db-1-title&amp;mode=titles&amp;azlist=N&amp;scan_utf=&amp;scan_start=zwangsarbeit&amp;search_type=contains&amp;restricted=all\">Zwangsarbeit 1939-1945<\/a> (ca. 590).<\/p>\n<p>Das Archiv umfasst insgesamt 450 Interviewstunden. Die Interviews wurden in englischer Sprache gef\u00fchrt. Die Interviewpartner sind zumeist selbst Mitglieder der AJR. Sie wurden zum gro\u00dfen Teil in Deutschland und \u00d6sterreich geboren und sind w\u00e4hrend oder nach dem Nationalsozialismus nach Gro\u00dfbritannien immigriert. Neben dem Leben im nationalsozialistischen Deutschland und in den von Deutschland besetzten L\u00e4ndern werden insbesondere Migrations- und Exilerfahrungen wiedergegeben.<\/p>\n<p>Unter den Interviewten finden sich auch so bekannte Namen wie der Oscar-pr\u00e4mierte Filmausstatter Ken Adam, die Psychotherapeutin Helen Bamber, die K\u00fcnstlerin Milein Cosman, der Historiker Edgar Feuchtwanger (Neffe von Lion Feuchtwanger), die Schriftstellerin Eva Figes, der Zionistenf\u00fchrer Arieh Handler, der Komponist Joseph Horovitz sowie der Wissenschaftler und Fernsehmoderator Heinz Wolff.<\/p>\n<p>Die Video-Interviews sind vollst\u00e4ndig transkribiert. Die Transkriptionen sind mit einem Timecode versehen, der ein einfaches Auffinden der entsprechenden Stellen in den Video-Aufzeichnungen und umgekehrt erm\u00f6glicht. Zwar entf\u00e4llt im Gegensatz zu VHA und Zwangsarbeiter-Archiv die kostenfreie Registrierung, daf\u00fcr verf\u00fcgt <em>Refugee Voices<\/em> leider \u00fcber keine komfortable Suchfunktion. Einzig \u00fcber den Transcript Catalogue (&#8222;Catalogue&#8220;) &#8211; eine statische Liste mit Informationen zu allen 150 Interviewten (mehr als 40 unterschiedliche Kategorien) &#8211; ist ein strukturierter(er) Zugriff m\u00f6glich.<\/p>\n<p><strong>Wichtiger Hinweis<\/strong>: Momentan gibt es Schwierigkeiten, die Datenbanken Refugee Voices und Visual History Archive an den Arbeispl\u00e4tzen in den FU-Bibliotheken (&#8222;Thinclients&#8220;) zu nutzen. Wir bem\u00fchen uns, das Problem bis sp\u00e4testens Mitte <span style=\"text-decoration: line-through\">November<\/span> Dezember in den Griff zu bekommen!<\/p>\n<h6>Bild: Einfahrt zum KZ Auschwitz (<a href=\"https:\/\/commons.wikimedia.org\/wiki\/File:Bundesarchiv_Bild_175-04413,_KZ_Auschwitz,_Einfahrt.jpg?uselang=de\">Bundesarchiv, Bild 175-04413 \/ CC-BY-SA<\/a>)<\/h6>\n","protected":false},"excerpt":{"rendered":"<p>Als erste Einrichtung in Deutschland bietet die Freie Universit\u00e4t Berlin Zugriff auf die Oral-History-Sammlung Refugee Voices der Association of Jewish Refugees (AJR). Die Datenbank enth\u00e4lt 150 lebensgeschichtliche Video-Interviews von j\u00fcdischen \u00dcberlebenden des Nationalsozialismus (NS) und erg\u00e4nzt die bisher angebotenen Plattformen Visual History Archive (ca. 52.000 Interviews) sowie Zwangsarbeit 1939-1945 (ca. 590). Das Archiv umfasst insgesamt &hellip; <a href=\"https:\/\/blogs.fu-berlin.de\/bibliotheken\/2011\/10\/27\/oral-history-datenbank-refugee-voices-lizenziert\/\" class=\"more-link\"><span class=\"screen-reader-text\">\u201eOral-History-Datenbank &#8222;Refugee Voices&#8220; lizenziert\u201c<\/span> weiterlesen<\/a><\/p>\n","protected":false},"author":293,"featured_media":0,"comment_status":"open","ping_status":"open","sticky":false,"template":"","format":"standard","meta":{"footnotes":""},"categories":[457,584805],"tags":[2592,916,471,478,1423,2593],"class_list":["post-9150","post","type-post","status-publish","format-standard","hentry","category-digitale-bibliothek","category-was-ist-neu","tag-biografie","tag-deutschland","tag-geschichte","tag-grosbritannien","tag-holocaust","tag-oral-history"],"_links":{"self":[{"href":"https:\/\/blogs.fu-berlin.de\/bibliotheken\/wp-json\/wp\/v2\/posts\/9150","targetHints":{"allow":["GET"]}}],"collection":[{"href":"https:\/\/blogs.fu-berlin.de\/bibliotheken\/wp-json\/wp\/v2\/posts"}],"about":[{"href":"https:\/\/blogs.fu-berlin.de\/bibliotheken\/wp-json\/wp\/v2\/types\/post"}],"author":[{"embeddable":true,"href":"https:\/\/blogs.fu-berlin.de\/bibliotheken\/wp-json\/wp\/v2\/users\/293"}],"replies":[{"embeddable":true,"href":"https:\/\/blogs.fu-berlin.de\/bibliotheken\/wp-json\/wp\/v2\/comments?post=9150"}],"version-history":[{"count":11,"href":"https:\/\/blogs.fu-berlin.de\/bibliotheken\/wp-json\/wp\/v2\/posts\/9150\/revisions"}],"predecessor-version":[{"id":9189,"href":"https:\/\/blogs.fu-berlin.de\/bibliotheken\/wp-json\/wp\/v2\/posts\/9150\/revisions\/9189"}],"wp:attachment":[{"href":"https:\/\/blogs.fu-berlin.de\/bibliotheken\/wp-json\/wp\/v2\/media?parent=9150"}],"wp:term":[{"taxonomy":"category","embeddable":true,"href":"https:\/\/blogs.fu-berlin.de\/bibliotheken\/wp-json\/wp\/v2\/categories?post=9150"},{"taxonomy":"post_tag","embeddable":true,"href":"https:\/\/blogs.fu-berlin.de\/bibliotheken\/wp-json\/wp\/v2\/tags?post=9150"}],"curies":[{"name":"wp","href":"https:\/\/api.w.org\/{rel}","templated":true}]}}