{"id":9253,"date":"2011-11-03T13:50:33","date_gmt":"2011-11-03T12:50:33","guid":{"rendered":"https:\/\/blogs.fu-berlin.de\/bibliotheken\/?p=9253"},"modified":"2011-11-03T14:51:52","modified_gmt":"2011-11-03T13:51:52","slug":"osterreichische-bibliothekare-vs-sparmasnahmen","status":"publish","type":"post","link":"https:\/\/blogs.fu-berlin.de\/bibliotheken\/2011\/11\/03\/osterreichische-bibliothekare-vs-sparmasnahmen\/","title":{"rendered":"\u00d6sterreichische Bibliothekare vs. Sparma\u00dfnahmen"},"content":{"rendered":"<p>Bei unseren \u00f6sterreichischen Nachbarn haben geplante Einsparungen im Bibliothekswesen hohe Wellen geschlagen. 2012 wird jegliche F\u00f6rderung f\u00fcr bibliothekswissenschaftliche Veranstaltungen komplett gestrichen. Betroffen davon ist auch der alle zwei Jahre abgehaltene \u00d6sterreichische Bibliothekartag, der damit 2011 wohl zum letzten Mal stattfand.<\/p>\n<p>Die <a href=\"https:\/\/www.univie.ac.at\/voeb\/\">Vereinigung \u00d6sterreichischer Bibliothekarinnen und Bibliothekare (V\u00d6B)<\/a> wendet sich gegen die Sparma\u00dfnahmen und hat eine <a href=\"https:\/\/www.univie.ac.at\/voeb\/blog\/?page_id=18139\">Online-Petition<\/a> abgefasst. Seit Ende Oktober haben mehr als 600 Menschen den Appell unterzeichnet, darunter auch deutsche Kollegen. Greifen wir doch unseren Nachbarn etwas unter die Arme &#8211; jede Stimme z\u00e4hlt!<\/p>\n<h6>Danke f\u00fcr die Idee zum Posting an Jana Johannes, Bereichsbibliothek Physik<\/h6>\n","protected":false},"excerpt":{"rendered":"<p>Bei unseren \u00f6sterreichischen Nachbarn haben geplante Einsparungen im Bibliothekswesen hohe Wellen geschlagen. 2012 wird jegliche F\u00f6rderung f\u00fcr bibliothekswissenschaftliche Veranstaltungen komplett gestrichen. Betroffen davon ist auch der alle zwei Jahre abgehaltene \u00d6sterreichische Bibliothekartag, der damit 2011 wohl zum letzten Mal stattfand. Die Vereinigung \u00d6sterreichischer Bibliothekarinnen und Bibliothekare (V\u00d6B) wendet sich gegen die Sparma\u00dfnahmen und hat eine &hellip; <a href=\"https:\/\/blogs.fu-berlin.de\/bibliotheken\/2011\/11\/03\/osterreichische-bibliothekare-vs-sparmasnahmen\/\" class=\"more-link\"><span class=\"screen-reader-text\">\u201e\u00d6sterreichische Bibliothekare vs. Sparma\u00dfnahmen\u201c<\/span> weiterlesen<\/a><\/p>\n","protected":false},"author":293,"featured_media":0,"comment_status":"open","ping_status":"open","sticky":false,"template":"","format":"standard","meta":{"footnotes":""},"categories":[599,604],"tags":[2632,2631,2630,2633],"class_list":["post-9253","post","type-post","status-publish","format-standard","hentry","category-bibliothekswesen","category-ins-netz-geschaut","tag-online-petition","tag-osterreichischer-bibliothekartag","tag-sparmasnahmen","tag-vob"],"_links":{"self":[{"href":"https:\/\/blogs.fu-berlin.de\/bibliotheken\/wp-json\/wp\/v2\/posts\/9253","targetHints":{"allow":["GET"]}}],"collection":[{"href":"https:\/\/blogs.fu-berlin.de\/bibliotheken\/wp-json\/wp\/v2\/posts"}],"about":[{"href":"https:\/\/blogs.fu-berlin.de\/bibliotheken\/wp-json\/wp\/v2\/types\/post"}],"author":[{"embeddable":true,"href":"https:\/\/blogs.fu-berlin.de\/bibliotheken\/wp-json\/wp\/v2\/users\/293"}],"replies":[{"embeddable":true,"href":"https:\/\/blogs.fu-berlin.de\/bibliotheken\/wp-json\/wp\/v2\/comments?post=9253"}],"version-history":[{"count":5,"href":"https:\/\/blogs.fu-berlin.de\/bibliotheken\/wp-json\/wp\/v2\/posts\/9253\/revisions"}],"predecessor-version":[{"id":9262,"href":"https:\/\/blogs.fu-berlin.de\/bibliotheken\/wp-json\/wp\/v2\/posts\/9253\/revisions\/9262"}],"wp:attachment":[{"href":"https:\/\/blogs.fu-berlin.de\/bibliotheken\/wp-json\/wp\/v2\/media?parent=9253"}],"wp:term":[{"taxonomy":"category","embeddable":true,"href":"https:\/\/blogs.fu-berlin.de\/bibliotheken\/wp-json\/wp\/v2\/categories?post=9253"},{"taxonomy":"post_tag","embeddable":true,"href":"https:\/\/blogs.fu-berlin.de\/bibliotheken\/wp-json\/wp\/v2\/tags?post=9253"}],"curies":[{"name":"wp","href":"https:\/\/api.w.org\/{rel}","templated":true}]}}