{"id":9292,"date":"2011-11-04T12:12:15","date_gmt":"2011-11-04T11:12:15","guid":{"rendered":"https:\/\/blogs.fu-berlin.de\/bibliotheken\/?p=9292"},"modified":"2011-11-04T13:19:24","modified_gmt":"2011-11-04T12:19:24","slug":"beltz-digitale-bibliothek-lizenziert","status":"publish","type":"post","link":"https:\/\/blogs.fu-berlin.de\/bibliotheken\/2011\/11\/04\/beltz-digitale-bibliothek-lizenziert\/","title":{"rendered":"Beltz Digitale Bibliothek lizenziert"},"content":{"rendered":"<p><a rel=\"attachment wp-att-9295\" href=\"https:\/\/blogs.fu-berlin.de\/bibliotheken\/2011\/11\/04\/beltz-digitale-bibliothek-lizenziert\/beltz\/\"><img loading=\"lazy\" decoding=\"async\" class=\"alignright size-full wp-image-9295\" title=\"beltz\" src=\"https:\/\/blogs.fu-berlin.de\/bibliotheken\/files\/2011\/11\/beltz.gif\" alt=\"\" width=\"150\" height=\"194\" align=\"right\" \/><\/a>Nach einem mehrmonatigen Test steht die <a href=\"https:\/\/vs13.kobv.de\/V\/portal=FUBERLIN&amp;institute=FUBERLIN&amp;?func=find-db-1-title&amp;mode=titles&amp;azlist=N&amp;scan_utf=&amp;scan_start=beltz&amp;search_type=contains&amp;restricted=all\">Beltz Digitale Bibliothek<\/a> nun dauerhaft zur Verf\u00fcgung. Ebenso intuitiv zu bedienen wie die Plattform des <a href=\"https:\/\/vs13.kobv.de\/V\/portal=FUBERLIN&amp;institute=FUBERLIN&amp;?func=find-db-1-title&amp;mode=titles&amp;azlist=N&amp;scan_utf=&amp;scan_start=campus&amp;search_type=contains&amp;restricted=all\">Campus Verlags<\/a> (beide verwenden das Portal content-select.com) werden hier E-Books der Verlagsgruppe Beltz angeboten.<\/p>\n<p>Gegenw\u00e4rtig sind 43 Lehr- und Fachb\u00fccher aus den Bereichen Psychologie und P\u00e4dagogik lizenziert, die durch ein gr\u00fcnes Ampelsymbol gekennzeichnet werden. Die E-Books selbst sind im Flash-Format verf\u00fcgbar.<\/p>\n<p>Die Titel k\u00f6nnen einzeln nach Stichworten durchsucht werden &#8211; eine inhaltliche Suche \u00fcber alle E-Books wird leider nicht angeboten. Ausdrucke sind kapitelweise m\u00f6glich und unbegrenzt pro User. Zitate k\u00f6nnen \u00fcber die Copy-\/Paste-Funktion \u00fcbernommen werden. Den E-Books liegen mitunter auch abspeicherbare Dateien als \u201eAdd-ons\u201c vor.<\/p>\n<p>Alle Titel sind auch \u00fcber das <a href=\"https:\/\/primo.fu-berlin.de\/\">Bibliotheksportal | Primo<\/a> bzw. den <a href=\"https:\/\/aleph-www.ub.fu-berlin.de\/F\">FU-Katalog<\/a> recherchierbar.<\/p>\n<p>Bild: Nur eines von \u00fcber 40 E-B\u00fcchern &#8211; <em><a href=\"https:\/\/www.content-select.com\/index.php?id=bib_view&amp;ean=9783621279017\">Arbeits- und Organisationspsychologie kompakt<\/a><\/em> von Elisabeth Kals und Jutta Gallenm\u00fcller-Roschmann (2011)<\/p>\n","protected":false},"excerpt":{"rendered":"<p>Nach einem mehrmonatigen Test steht die Beltz Digitale Bibliothek nun dauerhaft zur Verf\u00fcgung. Ebenso intuitiv zu bedienen wie die Plattform des Campus Verlags (beide verwenden das Portal content-select.com) werden hier E-Books der Verlagsgruppe Beltz angeboten. Gegenw\u00e4rtig sind 43 Lehr- und Fachb\u00fccher aus den Bereichen Psychologie und P\u00e4dagogik lizenziert, die durch ein gr\u00fcnes Ampelsymbol gekennzeichnet werden. &hellip; <a href=\"https:\/\/blogs.fu-berlin.de\/bibliotheken\/2011\/11\/04\/beltz-digitale-bibliothek-lizenziert\/\" class=\"more-link\"><span class=\"screen-reader-text\">\u201eBeltz Digitale Bibliothek lizenziert\u201c<\/span> weiterlesen<\/a><\/p>\n","protected":false},"author":293,"featured_media":0,"comment_status":"open","ping_status":"open","sticky":false,"template":"","format":"standard","meta":{"footnotes":""},"categories":[457,584805],"tags":[32,2423,1928,2636,306],"class_list":["post-9292","post","type-post","status-publish","format-standard","hentry","category-digitale-bibliothek","category-was-ist-neu","tag-e-books","tag-padagogik","tag-psychologie","tag-verlagsgruppe-beltz","tag-weiterbildung"],"_links":{"self":[{"href":"https:\/\/blogs.fu-berlin.de\/bibliotheken\/wp-json\/wp\/v2\/posts\/9292","targetHints":{"allow":["GET"]}}],"collection":[{"href":"https:\/\/blogs.fu-berlin.de\/bibliotheken\/wp-json\/wp\/v2\/posts"}],"about":[{"href":"https:\/\/blogs.fu-berlin.de\/bibliotheken\/wp-json\/wp\/v2\/types\/post"}],"author":[{"embeddable":true,"href":"https:\/\/blogs.fu-berlin.de\/bibliotheken\/wp-json\/wp\/v2\/users\/293"}],"replies":[{"embeddable":true,"href":"https:\/\/blogs.fu-berlin.de\/bibliotheken\/wp-json\/wp\/v2\/comments?post=9292"}],"version-history":[{"count":13,"href":"https:\/\/blogs.fu-berlin.de\/bibliotheken\/wp-json\/wp\/v2\/posts\/9292\/revisions"}],"predecessor-version":[{"id":9306,"href":"https:\/\/blogs.fu-berlin.de\/bibliotheken\/wp-json\/wp\/v2\/posts\/9292\/revisions\/9306"}],"wp:attachment":[{"href":"https:\/\/blogs.fu-berlin.de\/bibliotheken\/wp-json\/wp\/v2\/media?parent=9292"}],"wp:term":[{"taxonomy":"category","embeddable":true,"href":"https:\/\/blogs.fu-berlin.de\/bibliotheken\/wp-json\/wp\/v2\/categories?post=9292"},{"taxonomy":"post_tag","embeddable":true,"href":"https:\/\/blogs.fu-berlin.de\/bibliotheken\/wp-json\/wp\/v2\/tags?post=9292"}],"curies":[{"name":"wp","href":"https:\/\/api.w.org\/{rel}","templated":true}]}}