{"id":937,"date":"2009-11-10T16:32:32","date_gmt":"2009-11-10T15:32:32","guid":{"rendered":"https:\/\/blogs.fu-berlin.de\/bibliotheken\/?p=937"},"modified":"2009-11-10T16:32:32","modified_gmt":"2009-11-10T15:32:32","slug":"ausbildung-zum-fami-jetzt-bewerben","status":"publish","type":"post","link":"https:\/\/blogs.fu-berlin.de\/bibliotheken\/2009\/11\/10\/ausbildung-zum-fami-jetzt-bewerben\/","title":{"rendered":"Ausbildung zum FaMI? Jetzt bewerben!"},"content":{"rendered":"<p>Sie haben die Schulausbildung mindestens mit dem Mittleren Schulabschluss abgeschlossen und k\u00f6nnen sich vorstellen, in einer Bibliothek zu arbeiten?! Dann k\u00f6nnten Sie ja FaMI werden. \ud83d\ude42<\/p>\n<p>FaMIs sind Fachangestellte f\u00fcr Medien- und Informationsdienste. Es gibt 5 Ausbildungsrichtungen, unter anderem auch den FaMI f\u00fcr die Fachrichtung Bibliotheken.<\/p>\n<p><strong>Jetzt bewerben!<\/strong><br \/>\nAktuell hat die Freie Universit\u00e4t Berlin <strong>5 Ausbildungspl\u00e4tze (Fachrichtung Bibliothek) und 1 Ausbildungsplatz (Fachrichtung Archiv)<\/strong> ausgeschrieben. Ausbildungsbeginn ist der 1. September 2010. Die <strong>Bewerbungsfrist endet am 11. Januar 2010<\/strong>.<\/p>\n<p>Wer sich dar\u00fcber informieren will, was f\u00fcr Aufgaben auf FaMIs in Archiven, Bibliotheken, Bildagenturen, Information und Dokumentation &amp; Medizinische Dokumentation so warten, dem sei das Video <a href=\"https:\/\/fami.oszbueroverw.de\/?page_id=23\"><strong>&#8222;Der FaMI &#8211; 5 Wege aus der Informationsflut&#8220;<\/strong><\/a> &#8211; hergestellt von Fachangestellten selbst &#8211; empfohlen.<\/p>\n<p>Mehr Informationen, beispielsweise zu den Voraussetzungen f\u00fcr eine Bewerbung findet man auf den <a href=\"https:\/\/www.ub.fu-berlin.de\/service_neu\/ausbildung\/\">Webseiten der beiden Ausbildungsbeauftragten<\/a>. <\/p>\n<p>Auch ein Artikel in campus.leben, dem Online-Magazin der Freien Universit\u00e4t Berlin, stellt zum 10 j\u00e4hrigen Jubil\u00e4um der FaMI-Ausbildung 2 Auszubildende unter der \u00dcberschrift &#8222;<a href=\"https:\/\/www.fu-berlin.de\/campusleben\/lernen-und-lehren\/2008\/081024_ausbildung\/index.html\">Mehr als Barcodes und B\u00fccher: Azubis in den Bibliotheken<\/a>&#8220; vor. <\/p>\n","protected":false},"excerpt":{"rendered":"<p>Sie haben die Schulausbildung mindestens mit dem Mittleren Schulabschluss abgeschlossen und k\u00f6nnen sich vorstellen, in einer Bibliothek zu arbeiten?! Dann k\u00f6nnten Sie ja FaMI werden. \ud83d\ude42 FaMIs sind Fachangestellte f\u00fcr Medien- und Informationsdienste. Es gibt 5 Ausbildungsrichtungen, unter anderem auch den FaMI f\u00fcr die Fachrichtung Bibliotheken. Jetzt bewerben! Aktuell hat die Freie Universit\u00e4t Berlin 5 &hellip; <a href=\"https:\/\/blogs.fu-berlin.de\/bibliotheken\/2009\/11\/10\/ausbildung-zum-fami-jetzt-bewerben\/\" class=\"more-link\"><span class=\"screen-reader-text\">\u201eAusbildung zum FaMI? Jetzt bewerben!\u201c<\/span> weiterlesen<\/a><\/p>\n","protected":false},"author":265,"featured_media":0,"comment_status":"open","ping_status":"open","sticky":false,"template":"","format":"standard","meta":{"footnotes":""},"categories":[9,599,600,601],"tags":[529,736,735,233],"class_list":["post-937","post","type-post","status-publish","format-standard","hentry","category-allgemein","category-bibliothekswesen","category-fachbibliotheken","category-universitatsbibliothek","tag-ausbildung","tag-fachangestellte-fur-medien-und-informationsdienste","tag-fami","tag-video"],"_links":{"self":[{"href":"https:\/\/blogs.fu-berlin.de\/bibliotheken\/wp-json\/wp\/v2\/posts\/937","targetHints":{"allow":["GET"]}}],"collection":[{"href":"https:\/\/blogs.fu-berlin.de\/bibliotheken\/wp-json\/wp\/v2\/posts"}],"about":[{"href":"https:\/\/blogs.fu-berlin.de\/bibliotheken\/wp-json\/wp\/v2\/types\/post"}],"author":[{"embeddable":true,"href":"https:\/\/blogs.fu-berlin.de\/bibliotheken\/wp-json\/wp\/v2\/users\/265"}],"replies":[{"embeddable":true,"href":"https:\/\/blogs.fu-berlin.de\/bibliotheken\/wp-json\/wp\/v2\/comments?post=937"}],"version-history":[{"count":27,"href":"https:\/\/blogs.fu-berlin.de\/bibliotheken\/wp-json\/wp\/v2\/posts\/937\/revisions"}],"predecessor-version":[{"id":3340,"href":"https:\/\/blogs.fu-berlin.de\/bibliotheken\/wp-json\/wp\/v2\/posts\/937\/revisions\/3340"}],"wp:attachment":[{"href":"https:\/\/blogs.fu-berlin.de\/bibliotheken\/wp-json\/wp\/v2\/media?parent=937"}],"wp:term":[{"taxonomy":"category","embeddable":true,"href":"https:\/\/blogs.fu-berlin.de\/bibliotheken\/wp-json\/wp\/v2\/categories?post=937"},{"taxonomy":"post_tag","embeddable":true,"href":"https:\/\/blogs.fu-berlin.de\/bibliotheken\/wp-json\/wp\/v2\/tags?post=937"}],"curies":[{"name":"wp","href":"https:\/\/api.w.org\/{rel}","templated":true}]}}