{"id":9446,"date":"2011-12-01T13:21:05","date_gmt":"2011-12-01T12:21:05","guid":{"rendered":"https:\/\/blogs.fu-berlin.de\/bibliotheken\/?p=9446"},"modified":"2011-12-01T21:24:12","modified_gmt":"2011-12-01T20:24:12","slug":"christa-wolf-verstorben","status":"publish","type":"post","link":"https:\/\/blogs.fu-berlin.de\/bibliotheken\/2011\/12\/01\/christa-wolf-verstorben\/","title":{"rendered":"Christa Wolf verstorben"},"content":{"rendered":"<p><a href=\"https:\/\/blogs.fu-berlin.de\/bibliotheken\/?attachment_id=9494\"><img loading=\"lazy\" decoding=\"async\" class=\"alignright size-full wp-image-9494\" title=\"Christa Wolf\" src=\"https:\/\/blogs.fu-berlin.de\/bibliotheken\/files\/2011\/12\/Ohne-Titel-2-Kopie.jpg\" alt=\"\" width=\"160\" height=\"228\" align=\"right\" \/><\/a>Laut dem Suhrkamp-Verlag ist die Schriftstellerin Christa Wolf heute im Alter von 82 Jahren in Berlin verstorben. Ihr Werk und Leben war unmittelbar mit der DDR verkn\u00fcpft, dennoch wirkte ihr umfangreiches erz\u00e4hlerisches und essayistisches Werk weit \u00fcber deren Staatsgrenzen hinweg und wurde in viele Sprachen \u00fcbersetzt.<\/p>\n<p><a href=\"https:\/\/aleph-www.ub.fu-berlin.de\/F\/?func=find-e&amp;request=Wolf%2C+Christa&amp;find_scan_code=FIND_WPE&amp;adjacent=N\">Literatur von Christa Wolf im FU-Katalog<\/a><\/p>\n<p>Bekanntheit erlangte Wolf, die 1945 mit ihrer Familie vor den anr\u00fcckenden sowjetischen Truppen von Landsberg an der Warthe nach Mecklenburg floh, vor allem durch ihren Roman <em>Der geteilte Himmel<\/em> (1963). In diesem wird die Beziehung zwischen einer Studentin und einem Chemiker geschildert, die an der Teilung Deutschlands zerbricht. Es folgten Werke wie <em>Nachdenken \u00fcber Christa T.<\/em> (1968) oder die Erz\u00e4hlung <em>Kassandra<\/em> (1983), die zur Pflichtlekt\u00fcre der Friedens- und Frauenbewegung in Ost und West avancieren sollte.<\/p>\n<p>Nach dem Zusammenbruch der DDR l\u00f6ste Wolf durch die Ver\u00f6ffentlichung von <em>Was bleibt<\/em> einen Literaturstreit aus. Die semi-autobiografische Erz\u00e4hlung nahm sich den \u00dcberwachungsmethoden des SED-Staates als Thema an. Einige Kritiker warfen Wolf vor, sie h\u00e4tte sich als ehemalige \u201eStaatsdichterin\u201c zu Unrecht auf die Seite der Opfer stellen wollen. Dennoch galt sie nach wie vor als eine wichtigsten deutschen Autorinnen der Nachkriegszeit und wurde f\u00fcr ihr Werk mit zahlreichen Preisen bedacht, darunter der Deutsche B\u00fccherpreis (2002) und der Thomas Mann Preis (2010). Mehrfach wurde Wolf f\u00fcr den Literaturnobelpreis vorgeschlagen.<\/p>\n<h6>Bild: <a href=\"https:\/\/de.wikipedia.org\/wiki\/Datei:Bundesarchiv_Bild_183-1989-1027-300,_Christa_Wolf.jpg\">Bundesarchiv, Bild 183-1989-1027-300 \/ Rehfeld, Katja \/ CC-BY-SA<\/a><\/h6>\n","protected":false},"excerpt":{"rendered":"<p>Laut dem Suhrkamp-Verlag ist die Schriftstellerin Christa Wolf heute im Alter von 82 Jahren in Berlin verstorben. Ihr Werk und Leben war unmittelbar mit der DDR verkn\u00fcpft, dennoch wirkte ihr umfangreiches erz\u00e4hlerisches und essayistisches Werk weit \u00fcber deren Staatsgrenzen hinweg und wurde in viele Sprachen \u00fcbersetzt. Literatur von Christa Wolf im FU-Katalog Bekanntheit erlangte Wolf, &hellip; <a href=\"https:\/\/blogs.fu-berlin.de\/bibliotheken\/2011\/12\/01\/christa-wolf-verstorben\/\" class=\"more-link\"><span class=\"screen-reader-text\">\u201eChrista Wolf verstorben\u201c<\/span> weiterlesen<\/a><\/p>\n","protected":false},"author":293,"featured_media":0,"comment_status":"open","ping_status":"open","sticky":false,"template":"","format":"standard","meta":{"footnotes":""},"categories":[604,492],"tags":[2698],"class_list":["post-9446","post","type-post","status-publish","format-standard","hentry","category-ins-netz-geschaut","category-literaturtipps","tag-christa-wolf"],"_links":{"self":[{"href":"https:\/\/blogs.fu-berlin.de\/bibliotheken\/wp-json\/wp\/v2\/posts\/9446","targetHints":{"allow":["GET"]}}],"collection":[{"href":"https:\/\/blogs.fu-berlin.de\/bibliotheken\/wp-json\/wp\/v2\/posts"}],"about":[{"href":"https:\/\/blogs.fu-berlin.de\/bibliotheken\/wp-json\/wp\/v2\/types\/post"}],"author":[{"embeddable":true,"href":"https:\/\/blogs.fu-berlin.de\/bibliotheken\/wp-json\/wp\/v2\/users\/293"}],"replies":[{"embeddable":true,"href":"https:\/\/blogs.fu-berlin.de\/bibliotheken\/wp-json\/wp\/v2\/comments?post=9446"}],"version-history":[{"count":18,"href":"https:\/\/blogs.fu-berlin.de\/bibliotheken\/wp-json\/wp\/v2\/posts\/9446\/revisions"}],"predecessor-version":[{"id":9495,"href":"https:\/\/blogs.fu-berlin.de\/bibliotheken\/wp-json\/wp\/v2\/posts\/9446\/revisions\/9495"}],"wp:attachment":[{"href":"https:\/\/blogs.fu-berlin.de\/bibliotheken\/wp-json\/wp\/v2\/media?parent=9446"}],"wp:term":[{"taxonomy":"category","embeddable":true,"href":"https:\/\/blogs.fu-berlin.de\/bibliotheken\/wp-json\/wp\/v2\/categories?post=9446"},{"taxonomy":"post_tag","embeddable":true,"href":"https:\/\/blogs.fu-berlin.de\/bibliotheken\/wp-json\/wp\/v2\/tags?post=9446"}],"curies":[{"name":"wp","href":"https:\/\/api.w.org\/{rel}","templated":true}]}}