{"id":9513,"date":"2011-12-02T16:45:16","date_gmt":"2011-12-02T15:45:16","guid":{"rendered":"https:\/\/blogs.fu-berlin.de\/bibliotheken\/?p=9513"},"modified":"2011-12-02T16:45:16","modified_gmt":"2011-12-02T15:45:16","slug":"link-des-monats-dezember-2011-goethezeitportal","status":"publish","type":"post","link":"https:\/\/blogs.fu-berlin.de\/bibliotheken\/2011\/12\/02\/link-des-monats-dezember-2011-goethezeitportal\/","title":{"rendered":"Link des Monats Dezember 2011: Goethezeitportal"},"content":{"rendered":"<p><a href=\"https:\/\/blogs.fu-berlin.de\/bibliotheken\/2011\/12\/02\/link-des-monats-dezember-2011-goethezeitportal\/goethezeit\/\" rel=\"attachment wp-att-9515\"><img loading=\"lazy\" decoding=\"async\" src=\"https:\/\/blogs.fu-berlin.de\/bibliotheken\/files\/2011\/12\/goethezeit.jpg\" alt=\"\" title=\"goethezeit\" width=\"200\" height=\"68\" class=\"alignright size-full wp-image-9515\" \/><\/a>Das Goethezeitportal ist eine an der Ludwig-Maximilians-Universit\u00e4t M\u00fcnchen gegr\u00fcndete multimediale Pr\u00e4sentationsplattform mit einem internationalen Netzwerk f\u00fcr den Diskurs der Kunst und Kultur der Goethezeit.<\/p>\n<p>Da es auf dem Portal passend zur Jahreszeit auch eine Weihnachtsseite gibt, haben wir uns das <a href=\"https:\/\/www.ub.fu-berlin.de\/service_neu\/linktipp\/1112.html\">Goethezeitportal f\u00fcr den Link des Monats Dezember<\/a> ausgesucht.<\/p>\n<p>Schauen Sie mal rein &#8211; es gibt einiges zu entdecken! <\/p>\n","protected":false},"excerpt":{"rendered":"<p>Das Goethezeitportal ist eine an der Ludwig-Maximilians-Universit\u00e4t M\u00fcnchen gegr\u00fcndete multimediale Pr\u00e4sentationsplattform mit einem internationalen Netzwerk f\u00fcr den Diskurs der Kunst und Kultur der Goethezeit. Da es auf dem Portal passend zur Jahreszeit auch eine Weihnachtsseite gibt, haben wir uns das Goethezeitportal f\u00fcr den Link des Monats Dezember ausgesucht. Schauen Sie mal rein &#8211; es gibt &hellip; <a href=\"https:\/\/blogs.fu-berlin.de\/bibliotheken\/2011\/12\/02\/link-des-monats-dezember-2011-goethezeitportal\/\" class=\"more-link\"><span class=\"screen-reader-text\">\u201eLink des Monats Dezember 2011: Goethezeitportal\u201c<\/span> weiterlesen<\/a><\/p>\n","protected":false},"author":265,"featured_media":0,"comment_status":"open","ping_status":"open","sticky":false,"template":"","format":"standard","meta":{"footnotes":""},"categories":[9,604],"tags":[2704,537],"class_list":["post-9513","post","type-post","status-publish","format-standard","hentry","category-allgemein","category-ins-netz-geschaut","tag-goethezeitportal","tag-link-des-monats"],"_links":{"self":[{"href":"https:\/\/blogs.fu-berlin.de\/bibliotheken\/wp-json\/wp\/v2\/posts\/9513","targetHints":{"allow":["GET"]}}],"collection":[{"href":"https:\/\/blogs.fu-berlin.de\/bibliotheken\/wp-json\/wp\/v2\/posts"}],"about":[{"href":"https:\/\/blogs.fu-berlin.de\/bibliotheken\/wp-json\/wp\/v2\/types\/post"}],"author":[{"embeddable":true,"href":"https:\/\/blogs.fu-berlin.de\/bibliotheken\/wp-json\/wp\/v2\/users\/265"}],"replies":[{"embeddable":true,"href":"https:\/\/blogs.fu-berlin.de\/bibliotheken\/wp-json\/wp\/v2\/comments?post=9513"}],"version-history":[{"count":6,"href":"https:\/\/blogs.fu-berlin.de\/bibliotheken\/wp-json\/wp\/v2\/posts\/9513\/revisions"}],"predecessor-version":[{"id":9523,"href":"https:\/\/blogs.fu-berlin.de\/bibliotheken\/wp-json\/wp\/v2\/posts\/9513\/revisions\/9523"}],"wp:attachment":[{"href":"https:\/\/blogs.fu-berlin.de\/bibliotheken\/wp-json\/wp\/v2\/media?parent=9513"}],"wp:term":[{"taxonomy":"category","embeddable":true,"href":"https:\/\/blogs.fu-berlin.de\/bibliotheken\/wp-json\/wp\/v2\/categories?post=9513"},{"taxonomy":"post_tag","embeddable":true,"href":"https:\/\/blogs.fu-berlin.de\/bibliotheken\/wp-json\/wp\/v2\/tags?post=9513"}],"curies":[{"name":"wp","href":"https:\/\/api.w.org\/{rel}","templated":true}]}}