{"id":9550,"date":"2011-12-05T16:30:33","date_gmt":"2011-12-05T15:30:33","guid":{"rendered":"https:\/\/blogs.fu-berlin.de\/bibliotheken\/?p=9550"},"modified":"2011-12-05T17:58:08","modified_gmt":"2011-12-05T16:58:08","slug":"fami-im-portrat","status":"publish","type":"post","link":"https:\/\/blogs.fu-berlin.de\/bibliotheken\/2011\/12\/05\/fami-im-portrat\/","title":{"rendered":"FaMI im Portr\u00e4t"},"content":{"rendered":"<p>Im Rahmen der Berliner-Morgenpost-Serie \u201eIch bin ein Berliner\u201c stand am Sonntag Sina Latza im Mittelpunkt. Die 20-J\u00e4hrige absolviert ihre Ausbildung zur <a href=\"https:\/\/www.ub.fu-berlin.de\/service_neu\/ausbildung\/fami\/\">Fachangestellten f\u00fcr Medien- und Informationsdienste<\/a> (kurz &#8222;FaMI&#8220;) in der Sozialwissenschaftlichen Bibliothek der FU und engagiert sich in Ihrer Freizeit ehrenamtlich f\u00fcr ein Lesepaten-Projekt. Regelm\u00e4\u00dfig betreut sie mit anderen Auszubildenden Erst- und Drittkl\u00e4ssler aus einer Lichterfelder Schule, ist \u201egro\u00dfe Schwester\u201c und Freundin f\u00fcr eine Vielzahl an Jungen und M\u00e4dchen, h\u00e4ufig mit Migrationshintergrund. Ziel ist es, nicht nur zum Lesen zu motivieren, sondern auch die Fantasie der Kinder zu f\u00f6rdern, so Latza. Der vollst\u00e4ndige Artikel mit einem Video findet sich bei <a href=\"https:\/\/www.morgenpost.de\/berlin-aktuell\/ich-bin-ein-berliner\/article1845640\/Sina-Latza-die-Lesepatin.html\">morgenpost.de<\/a>. Weitere Infos zum Projekt gibt es im <a href=\"https:\/\/derlesepatenblog.wordpress.com\/\">Lesepaten-Blog<\/a>.<\/p>\n<p>Na, etwas neugierig auf den FaMI geworden? Im Bibliothekssystem der FU werden jedes Jahr Fachangestellte f\u00fcr Medien- und Informationsdienste in der Fachrichtung Bibliothek und in unregelm\u00e4\u00dfigen Abst\u00e4nden auch in der Fachrichtung Archiv ausgebildet. N\u00e4chster Ausbildungsbeginn ist im September 2012. <a href=\"https:\/\/www.fu-berlin.de\/sites\/ausbildung\/fachangestellte_medien\/index.html\">Schriftlich bewerben<\/a> kann man sich bis <strong>31. Januar 2012<\/strong>.<\/p>\n","protected":false},"excerpt":{"rendered":"<p>Im Rahmen der Berliner-Morgenpost-Serie \u201eIch bin ein Berliner\u201c stand am Sonntag Sina Latza im Mittelpunkt. Die 20-J\u00e4hrige absolviert ihre Ausbildung zur Fachangestellten f\u00fcr Medien- und Informationsdienste (kurz &#8222;FaMI&#8220;) in der Sozialwissenschaftlichen Bibliothek der FU und engagiert sich in Ihrer Freizeit ehrenamtlich f\u00fcr ein Lesepaten-Projekt. Regelm\u00e4\u00dfig betreut sie mit anderen Auszubildenden Erst- und Drittkl\u00e4ssler aus einer &hellip; <a href=\"https:\/\/blogs.fu-berlin.de\/bibliotheken\/2011\/12\/05\/fami-im-portrat\/\" class=\"more-link\"><span class=\"screen-reader-text\">\u201eFaMI im Portr\u00e4t\u201c<\/span> weiterlesen<\/a><\/p>\n","protected":false},"author":293,"featured_media":0,"comment_status":"open","ping_status":"open","sticky":false,"template":"","format":"standard","meta":{"footnotes":""},"categories":[599,604],"tags":[529,2715,735,2717],"class_list":["post-9550","post","type-post","status-publish","format-standard","hentry","category-bibliothekswesen","category-ins-netz-geschaut","tag-ausbildung","tag-berliner-morgenpost","tag-fami","tag-lesepaten-projekt"],"_links":{"self":[{"href":"https:\/\/blogs.fu-berlin.de\/bibliotheken\/wp-json\/wp\/v2\/posts\/9550","targetHints":{"allow":["GET"]}}],"collection":[{"href":"https:\/\/blogs.fu-berlin.de\/bibliotheken\/wp-json\/wp\/v2\/posts"}],"about":[{"href":"https:\/\/blogs.fu-berlin.de\/bibliotheken\/wp-json\/wp\/v2\/types\/post"}],"author":[{"embeddable":true,"href":"https:\/\/blogs.fu-berlin.de\/bibliotheken\/wp-json\/wp\/v2\/users\/293"}],"replies":[{"embeddable":true,"href":"https:\/\/blogs.fu-berlin.de\/bibliotheken\/wp-json\/wp\/v2\/comments?post=9550"}],"version-history":[{"count":10,"href":"https:\/\/blogs.fu-berlin.de\/bibliotheken\/wp-json\/wp\/v2\/posts\/9550\/revisions"}],"predecessor-version":[{"id":9560,"href":"https:\/\/blogs.fu-berlin.de\/bibliotheken\/wp-json\/wp\/v2\/posts\/9550\/revisions\/9560"}],"wp:attachment":[{"href":"https:\/\/blogs.fu-berlin.de\/bibliotheken\/wp-json\/wp\/v2\/media?parent=9550"}],"wp:term":[{"taxonomy":"category","embeddable":true,"href":"https:\/\/blogs.fu-berlin.de\/bibliotheken\/wp-json\/wp\/v2\/categories?post=9550"},{"taxonomy":"post_tag","embeddable":true,"href":"https:\/\/blogs.fu-berlin.de\/bibliotheken\/wp-json\/wp\/v2\/tags?post=9550"}],"curies":[{"name":"wp","href":"https:\/\/api.w.org\/{rel}","templated":true}]}}