{"id":9562,"date":"2011-12-06T17:41:01","date_gmt":"2011-12-06T16:41:01","guid":{"rendered":"https:\/\/blogs.fu-berlin.de\/bibliotheken\/?p=9562"},"modified":"2011-12-06T17:41:01","modified_gmt":"2011-12-06T16:41:01","slug":"verspateter-fernsehtipp","status":"publish","type":"post","link":"https:\/\/blogs.fu-berlin.de\/bibliotheken\/2011\/12\/06\/verspateter-fernsehtipp\/","title":{"rendered":"Versp\u00e4teter Fernsehtipp"},"content":{"rendered":"<p><a rel=\"attachment wp-att-9564\" href=\"https:\/\/blogs.fu-berlin.de\/bibliotheken\/2011\/12\/06\/verspateter-fernsehtipp\/ruge\/\"><img loading=\"lazy\" decoding=\"async\" class=\"alignright size-full wp-image-9564\" title=\"ruge\" src=\"https:\/\/blogs.fu-berlin.de\/bibliotheken\/files\/2011\/12\/ruge.jpg\" alt=\"\" width=\"80\" height=\"120\" align=\"right\" \/><\/a>Am Montagabend sendete Arte ein sehenswertes Portr\u00e4t \u00fcber Eugen Ruge. Der Berliner Autor, der 2011 den Deutschen Buchpreis f\u00fcr seinen semi-autobiographischen Roman <em>In Zeiten des abnehmenden Lichts<\/em> gewann (<a href=\"https:\/\/blogs.fu-berlin.de\/bibliotheken\/2011\/10\/10\/deutscher-buchpreis-fur-eugen-ruge\/\">Biblioblog berichtete<\/a>), wurde seit 2009 von dem Filmemacher Arpad Bondy begleitet. Neben Einblicken in Ruges Schreibprozess, der am liebsten mit dicken Ohrensch\u00fctzern am Laptop arbeitet, gew\u00e4hrt die Dokumentation auch einen seltenen Blick hinter die Kulissen des Rowohlt Verlags (inkl. Verkaufsverhandlungen, Layout- und Pressearbeit).<\/p>\n<p>Die Dokumentation <em>Eugen Ruge \u2013 eine Familiengeschichte wird zum Bestseller<\/em> kann man sich noch die n\u00e4chsten Tage kostenfrei auf <a href=\"https:\/\/videos.arte.tv\/de\/videos\/eugen_ruge-4294506.html\">ARTE+7<\/a> ansehen. Ruges Erfolgsroman ist im <a href=\"https:\/\/aleph-www.ub.fu-berlin.de\/F\/?func=item-global&amp;doc_library=FUB01&amp;doc_number=004307383&amp;year=&amp;volume=&amp;sub_library=920\">Bestand der Philologischen Bibliothek<\/a> zu finden.<\/p>\n<h6>Bild: <a href=\"https:\/\/commons.wikimedia.org\/wiki\/File:Frankfurter_Buchmesse_2011_Eugen_Ruge_Deutscher_Buchpreistr%C3%A4ger.jpg\">Lesekreis (CC-Zero)<\/a><\/h6>\n","protected":false},"excerpt":{"rendered":"<p>Am Montagabend sendete Arte ein sehenswertes Portr\u00e4t \u00fcber Eugen Ruge. Der Berliner Autor, der 2011 den Deutschen Buchpreis f\u00fcr seinen semi-autobiographischen Roman In Zeiten des abnehmenden Lichts gewann (Biblioblog berichtete), wurde seit 2009 von dem Filmemacher Arpad Bondy begleitet. Neben Einblicken in Ruges Schreibprozess, der am liebsten mit dicken Ohrensch\u00fctzern am Laptop arbeitet, gew\u00e4hrt die &hellip; <a href=\"https:\/\/blogs.fu-berlin.de\/bibliotheken\/2011\/12\/06\/verspateter-fernsehtipp\/\" class=\"more-link\"><span class=\"screen-reader-text\">\u201eVersp\u00e4teter Fernsehtipp\u201c<\/span> weiterlesen<\/a><\/p>\n","protected":false},"author":293,"featured_media":0,"comment_status":"open","ping_status":"open","sticky":false,"template":"","format":"standard","meta":{"footnotes":""},"categories":[604,492],"tags":[1524,2719,1717],"class_list":["post-9562","post","type-post","status-publish","format-standard","hentry","category-ins-netz-geschaut","category-literaturtipps","tag-arte","tag-eugen-ruge","tag-fernsehtipp"],"_links":{"self":[{"href":"https:\/\/blogs.fu-berlin.de\/bibliotheken\/wp-json\/wp\/v2\/posts\/9562","targetHints":{"allow":["GET"]}}],"collection":[{"href":"https:\/\/blogs.fu-berlin.de\/bibliotheken\/wp-json\/wp\/v2\/posts"}],"about":[{"href":"https:\/\/blogs.fu-berlin.de\/bibliotheken\/wp-json\/wp\/v2\/types\/post"}],"author":[{"embeddable":true,"href":"https:\/\/blogs.fu-berlin.de\/bibliotheken\/wp-json\/wp\/v2\/users\/293"}],"replies":[{"embeddable":true,"href":"https:\/\/blogs.fu-berlin.de\/bibliotheken\/wp-json\/wp\/v2\/comments?post=9562"}],"version-history":[{"count":5,"href":"https:\/\/blogs.fu-berlin.de\/bibliotheken\/wp-json\/wp\/v2\/posts\/9562\/revisions"}],"predecessor-version":[{"id":9571,"href":"https:\/\/blogs.fu-berlin.de\/bibliotheken\/wp-json\/wp\/v2\/posts\/9562\/revisions\/9571"}],"wp:attachment":[{"href":"https:\/\/blogs.fu-berlin.de\/bibliotheken\/wp-json\/wp\/v2\/media?parent=9562"}],"wp:term":[{"taxonomy":"category","embeddable":true,"href":"https:\/\/blogs.fu-berlin.de\/bibliotheken\/wp-json\/wp\/v2\/categories?post=9562"},{"taxonomy":"post_tag","embeddable":true,"href":"https:\/\/blogs.fu-berlin.de\/bibliotheken\/wp-json\/wp\/v2\/tags?post=9562"}],"curies":[{"name":"wp","href":"https:\/\/api.w.org\/{rel}","templated":true}]}}