{"id":9567,"date":"2011-12-06T17:40:16","date_gmt":"2011-12-06T16:40:16","guid":{"rendered":"https:\/\/blogs.fu-berlin.de\/bibliotheken\/?p=9567"},"modified":"2011-12-06T17:40:16","modified_gmt":"2011-12-06T16:40:16","slug":"neu-in-der-digitalen-bibliothek-glossarium-medi%c3%a6-et-infim%c3%a6-latinitatis","status":"publish","type":"post","link":"https:\/\/blogs.fu-berlin.de\/bibliotheken\/2011\/12\/06\/neu-in-der-digitalen-bibliothek-glossarium-medi%c3%a6-et-infim%c3%a6-latinitatis\/","title":{"rendered":"Neu in der Digitalen Bibliothek: Glossarium Medi\u00e6 et Infim\u00e6 Latinitatis"},"content":{"rendered":"<p>Neu in die Digitale Bibliothek dazu gekommen ist die freie Ressource <a href=\"https:\/\/vs13.kobv.de\/V\/portal=FUBERLIN&amp;institute=FUBERLIN&amp;?func=find-db-1-title&amp;mode=titles&amp;azlist=N&amp;scan_utf=&amp;scan_start=glossarium+latinitatis&amp;search_type=contains&amp;restricted=all\">Glossarium Medi\u00e6 et Infim\u00e6 Latinitatis<\/a>. Hinter dem Titel versteckt sich &#8211; wie vielleicht vom ein oder anderen vermutet &#8211; ein einsprachiges W\u00f6rterbuch zur j\u00fcngeren lateinischen Sprache.  Es wurde zuerst durch Charles du Cange erarbeitet und 1678 in Paris unter dem Titel \u201eGlossarium ad Scriptores Medi\u00e6 et Infim\u00e6 Latinitatis\u201c ver\u00f6ffentlicht.<\/p>\n<p>Die vorliegende elektronische Ausgabe wurde von L\u00e9opold Favre \u00fcberarbeitet und erweitert und erschien von 1883-1887 in Niort. Den freien Online-Zugriff gew\u00e4hrt die Pariser Hochschule \u00c9cole nationale des chartes. Es gilt als das bedeutendste W\u00f6rterbuch des Mittellateins.<\/p>\n","protected":false},"excerpt":{"rendered":"<p>Neu in die Digitale Bibliothek dazu gekommen ist die freie Ressource Glossarium Medi\u00e6 et Infim\u00e6 Latinitatis. Hinter dem Titel versteckt sich &#8211; wie vielleicht vom ein oder anderen vermutet &#8211; ein einsprachiges W\u00f6rterbuch zur j\u00fcngeren lateinischen Sprache. Es wurde zuerst durch Charles du Cange erarbeitet und 1678 in Paris unter dem Titel \u201eGlossarium ad Scriptores &hellip; <a href=\"https:\/\/blogs.fu-berlin.de\/bibliotheken\/2011\/12\/06\/neu-in-der-digitalen-bibliothek-glossarium-medi%c3%a6-et-infim%c3%a6-latinitatis\/\" class=\"more-link\"><span class=\"screen-reader-text\">\u201eNeu in der Digitalen Bibliothek: Glossarium Medi\u00e6 et Infim\u00e6 Latinitatis\u201c<\/span> weiterlesen<\/a><\/p>\n","protected":false},"author":293,"featured_media":0,"comment_status":"open","ping_status":"open","sticky":false,"template":"","format":"standard","meta":{"footnotes":""},"categories":[457,584805],"tags":[640,2720,699],"class_list":["post-9567","post","type-post","status-publish","format-standard","hentry","category-digitale-bibliothek","category-was-ist-neu","tag-lizenzfrei","tag-mittellatein","tag-worterbuch"],"_links":{"self":[{"href":"https:\/\/blogs.fu-berlin.de\/bibliotheken\/wp-json\/wp\/v2\/posts\/9567","targetHints":{"allow":["GET"]}}],"collection":[{"href":"https:\/\/blogs.fu-berlin.de\/bibliotheken\/wp-json\/wp\/v2\/posts"}],"about":[{"href":"https:\/\/blogs.fu-berlin.de\/bibliotheken\/wp-json\/wp\/v2\/types\/post"}],"author":[{"embeddable":true,"href":"https:\/\/blogs.fu-berlin.de\/bibliotheken\/wp-json\/wp\/v2\/users\/293"}],"replies":[{"embeddable":true,"href":"https:\/\/blogs.fu-berlin.de\/bibliotheken\/wp-json\/wp\/v2\/comments?post=9567"}],"version-history":[{"count":2,"href":"https:\/\/blogs.fu-berlin.de\/bibliotheken\/wp-json\/wp\/v2\/posts\/9567\/revisions"}],"predecessor-version":[{"id":9569,"href":"https:\/\/blogs.fu-berlin.de\/bibliotheken\/wp-json\/wp\/v2\/posts\/9567\/revisions\/9569"}],"wp:attachment":[{"href":"https:\/\/blogs.fu-berlin.de\/bibliotheken\/wp-json\/wp\/v2\/media?parent=9567"}],"wp:term":[{"taxonomy":"category","embeddable":true,"href":"https:\/\/blogs.fu-berlin.de\/bibliotheken\/wp-json\/wp\/v2\/categories?post=9567"},{"taxonomy":"post_tag","embeddable":true,"href":"https:\/\/blogs.fu-berlin.de\/bibliotheken\/wp-json\/wp\/v2\/tags?post=9567"}],"curies":[{"name":"wp","href":"https:\/\/api.w.org\/{rel}","templated":true}]}}