{"id":9617,"date":"2011-12-08T11:41:00","date_gmt":"2011-12-08T10:41:00","guid":{"rendered":"https:\/\/blogs.fu-berlin.de\/bibliotheken\/?p=9617"},"modified":"2011-12-09T10:28:25","modified_gmt":"2011-12-09T09:28:25","slug":"deutschsprachige-lyrik-aus-500-jahren","status":"publish","type":"post","link":"https:\/\/blogs.fu-berlin.de\/bibliotheken\/2011\/12\/08\/deutschsprachige-lyrik-aus-500-jahren\/","title":{"rendered":"Deutschsprachige Lyrik aus 500 Jahren"},"content":{"rendered":"<p>Nach Brecht haben wir auch ein Herz f\u00fcr deutsche Lyriker, deshalb k\u00f6nnen FU-Angeh\u00f6rige ab sofort ebenso auf die Datenbank <a href=\"https:\/\/vs13.kobv.de\/V\/portal=FUBERLIN&amp;institute=FUBERLIN&amp;?func=find-db-1-title&amp;mode=titles&amp;azlist=N&amp;scan_utf=&amp;scan_start=lyrik+www&amp;search_type=contains&amp;restricted=all\">Die Deutsche Lyrik in Reclams Universal-Bibliothek (Die Deutsche Lyrik im WWW)<\/a> zugreifen.<\/p>\n<p>Die Volltextdatenbank bietet Zugriff auf Gedichte aus der Zeit von 1457 bis 1929. Insgesamt umfasst die Sammlung \u00fcber 14.000 Gedichte von 510 Autoren. Ausgew\u00e4hlt wurden diese aus Autorenb\u00e4nden und Anthologien, die in Reclams Universal-Bibliothek erschienen sind. Ausgenommen noch urheberrechtlich gesch\u00fctzte Texte. Neben dem Gedicht wurden auch Widmungen oder Anmerkungen des Autors aufgenommen. Ausgeschlossen blieben i. d. R. Vor- und Nachworte von Herausgebern, Einleitungen, editorischer Apparat, Biographien, Glossare und Indices.<\/p>\n<p><!--more-->Von der Benutzung her unterscheidet sich die Datenbank kaum von der vorangegangenen f\u00fcr Brechts Werke. \u00dcber die Recherchemaske kann nach jedem beliebigen Wort oder Ausdruckt in Text, Titel oder in den\u00a0 Zeilen eines Gedichts gesucht werden (am rechten Bildschirmrand ist der Einstieg zum Inhaltsverzeichnis &#8211; Table of Contents). Auch l\u00e4sst sich die Suche auf einen bestimmten Dichter oder auf einzelne Elemente eines Werks beschr\u00e4nken.<\/p>\n<p>Nur eines von tausenden Gedichten (auch wenn es wettertechnisch noch nicht ganz so passt) &#8211; Georg Trakls \u201eIm Winter\u201c:<\/p>\n<p><em>Der Acker leuchtet wei\u00df und kalt.<br \/>\nDer Himmel ist einsam und ungeheuer.<br \/>\nDohlen kreisen \u00fcber dem Weiher<br \/>\nUnd J\u00e4ger steigen nieder vom Wald.<\/em><\/p>\n<p><em>Ein Schweigen in schwarzen Wipfeln wohnt.<br \/>\nEin Feuerschein huscht aus den H\u00fctten.<br \/>\nBisweilen schellt sehr fern ein Schlitten<br \/>\nUnd langsam steigt der graue Mond.<\/em><\/p>\n<p><em>Ein Wild verblutet sanft am Rain<br \/>\nUnd Raben pl\u00e4tschern in blutigen Gossen.<br \/>\nDas Rohr bebt gelb und aufgeschossen.<br \/>\nFrost, Rauch, ein Schritt im leeren Hain.<\/em><\/p>\n","protected":false},"excerpt":{"rendered":"<p>Nach Brecht haben wir auch ein Herz f\u00fcr deutsche Lyriker, deshalb k\u00f6nnen FU-Angeh\u00f6rige ab sofort ebenso auf die Datenbank Die Deutsche Lyrik in Reclams Universal-Bibliothek (Die Deutsche Lyrik im WWW) zugreifen. Die Volltextdatenbank bietet Zugriff auf Gedichte aus der Zeit von 1457 bis 1929. Insgesamt umfasst die Sammlung \u00fcber 14.000 Gedichte von 510 Autoren. Ausgew\u00e4hlt &hellip; <a href=\"https:\/\/blogs.fu-berlin.de\/bibliotheken\/2011\/12\/08\/deutschsprachige-lyrik-aus-500-jahren\/\" class=\"more-link\"><span class=\"screen-reader-text\">\u201eDeutschsprachige Lyrik aus 500 Jahren\u201c<\/span> weiterlesen<\/a><\/p>\n","protected":false},"author":293,"featured_media":0,"comment_status":"open","ping_status":"open","sticky":false,"template":"","format":"standard","meta":{"footnotes":""},"categories":[457,584805],"tags":[2132,2131,2356,520],"class_list":["post-9617","post","type-post","status-publish","format-standard","hentry","category-digitale-bibliothek","category-was-ist-neu","tag-anthologie","tag-deutsch","tag-lyrik","tag-volltexte"],"_links":{"self":[{"href":"https:\/\/blogs.fu-berlin.de\/bibliotheken\/wp-json\/wp\/v2\/posts\/9617","targetHints":{"allow":["GET"]}}],"collection":[{"href":"https:\/\/blogs.fu-berlin.de\/bibliotheken\/wp-json\/wp\/v2\/posts"}],"about":[{"href":"https:\/\/blogs.fu-berlin.de\/bibliotheken\/wp-json\/wp\/v2\/types\/post"}],"author":[{"embeddable":true,"href":"https:\/\/blogs.fu-berlin.de\/bibliotheken\/wp-json\/wp\/v2\/users\/293"}],"replies":[{"embeddable":true,"href":"https:\/\/blogs.fu-berlin.de\/bibliotheken\/wp-json\/wp\/v2\/comments?post=9617"}],"version-history":[{"count":11,"href":"https:\/\/blogs.fu-berlin.de\/bibliotheken\/wp-json\/wp\/v2\/posts\/9617\/revisions"}],"predecessor-version":[{"id":9660,"href":"https:\/\/blogs.fu-berlin.de\/bibliotheken\/wp-json\/wp\/v2\/posts\/9617\/revisions\/9660"}],"wp:attachment":[{"href":"https:\/\/blogs.fu-berlin.de\/bibliotheken\/wp-json\/wp\/v2\/media?parent=9617"}],"wp:term":[{"taxonomy":"category","embeddable":true,"href":"https:\/\/blogs.fu-berlin.de\/bibliotheken\/wp-json\/wp\/v2\/categories?post=9617"},{"taxonomy":"post_tag","embeddable":true,"href":"https:\/\/blogs.fu-berlin.de\/bibliotheken\/wp-json\/wp\/v2\/tags?post=9617"}],"curies":[{"name":"wp","href":"https:\/\/api.w.org\/{rel}","templated":true}]}}