{"id":9675,"date":"2011-12-14T10:17:53","date_gmt":"2011-12-14T09:17:53","guid":{"rendered":"https:\/\/blogs.fu-berlin.de\/bibliotheken\/?p=9675"},"modified":"2011-12-14T10:18:54","modified_gmt":"2011-12-14T09:18:54","slug":"bucherbasar-weihnachtsverkauf","status":"publish","type":"post","link":"https:\/\/blogs.fu-berlin.de\/bibliotheken\/2011\/12\/14\/bucherbasar-weihnachtsverkauf\/","title":{"rendered":"B\u00fccherbasar Weihnachtsverkauf"},"content":{"rendered":"<p><a href=\"https:\/\/www.foerderkreis-philbibliothek.de\" target=\"_blank\"><img loading=\"lazy\" decoding=\"async\" class=\"size-full wp-image-9677 alignright\" title=\"Logo_foerderkreis\" src=\"https:\/\/blogs.fu-berlin.de\/bibliotheken\/files\/2011\/12\/bild_logo.jpg\" alt=\"\" width=\"100\" height=\"150\" \/><\/a>Auch dieses Jahr macht der B\u00fccherbasar wieder einen Weihnachtsverkauf  mit 50% Rabatt auf alle B\u00fccher. Die Weihnachtsaktion findet in der  Rostlaube zwischen den<br \/>\nH\u00f6rs\u00e4len an den Tresen des J- &amp; K-Ganges, vom  13.12.-16.12. 2011, jeweils von 12 &#8211; 16 Uhr, statt.<\/p>\n<p>Zur Erinnerung, der B\u00fccherbasar ist eine\u00a0 studentische  Initiative<br \/>\nzur Unterst\u00fctzung der Philologischen Bibliothek. Die  Einnahmen<br \/>\naus dem B\u00fccherbasar kommen der Bibliothek, f\u00fcr die Anschaffung  neuer B\u00fccher zu gute.<\/p>\n<p><strong>Homepage des F\u00f6rderkreises: <\/strong><a href=\"https:\/\/www.foerderkreis-philbibliothek.de\/\">https:\/\/www.foerderkreis-philbibliothek.de <\/a><\/p>\n","protected":false},"excerpt":{"rendered":"<p>Auch dieses Jahr macht der B\u00fccherbasar wieder einen Weihnachtsverkauf mit 50% Rabatt auf alle B\u00fccher. Die Weihnachtsaktion findet in der Rostlaube zwischen den H\u00f6rs\u00e4len an den Tresen des J- &amp; K-Ganges, vom 13.12.-16.12. 2011, jeweils von 12 &#8211; 16 Uhr, statt. Zur Erinnerung, der B\u00fccherbasar ist eine\u00a0 studentische Initiative zur Unterst\u00fctzung der Philologischen Bibliothek. Die &hellip; <a href=\"https:\/\/blogs.fu-berlin.de\/bibliotheken\/2011\/12\/14\/bucherbasar-weihnachtsverkauf\/\" class=\"more-link\"><span class=\"screen-reader-text\">\u201eB\u00fccherbasar Weihnachtsverkauf\u201c<\/span> weiterlesen<\/a><\/p>\n","protected":false},"author":388,"featured_media":0,"comment_status":"open","ping_status":"open","sticky":false,"template":"","format":"standard","meta":{"footnotes":""},"categories":[9,600],"tags":[1693,2746,515],"class_list":["post-9675","post","type-post","status-publish","format-standard","hentry","category-allgemein","category-fachbibliotheken","tag-bucherbasar","tag-forderkreis","tag-philologische-bibliothek"],"_links":{"self":[{"href":"https:\/\/blogs.fu-berlin.de\/bibliotheken\/wp-json\/wp\/v2\/posts\/9675","targetHints":{"allow":["GET"]}}],"collection":[{"href":"https:\/\/blogs.fu-berlin.de\/bibliotheken\/wp-json\/wp\/v2\/posts"}],"about":[{"href":"https:\/\/blogs.fu-berlin.de\/bibliotheken\/wp-json\/wp\/v2\/types\/post"}],"author":[{"embeddable":true,"href":"https:\/\/blogs.fu-berlin.de\/bibliotheken\/wp-json\/wp\/v2\/users\/388"}],"replies":[{"embeddable":true,"href":"https:\/\/blogs.fu-berlin.de\/bibliotheken\/wp-json\/wp\/v2\/comments?post=9675"}],"version-history":[{"count":15,"href":"https:\/\/blogs.fu-berlin.de\/bibliotheken\/wp-json\/wp\/v2\/posts\/9675\/revisions"}],"predecessor-version":[{"id":9692,"href":"https:\/\/blogs.fu-berlin.de\/bibliotheken\/wp-json\/wp\/v2\/posts\/9675\/revisions\/9692"}],"wp:attachment":[{"href":"https:\/\/blogs.fu-berlin.de\/bibliotheken\/wp-json\/wp\/v2\/media?parent=9675"}],"wp:term":[{"taxonomy":"category","embeddable":true,"href":"https:\/\/blogs.fu-berlin.de\/bibliotheken\/wp-json\/wp\/v2\/categories?post=9675"},{"taxonomy":"post_tag","embeddable":true,"href":"https:\/\/blogs.fu-berlin.de\/bibliotheken\/wp-json\/wp\/v2\/tags?post=9675"}],"curies":[{"name":"wp","href":"https:\/\/api.w.org\/{rel}","templated":true}]}}