{"id":9736,"date":"2011-12-16T14:46:29","date_gmt":"2011-12-16T13:46:29","guid":{"rendered":"https:\/\/blogs.fu-berlin.de\/bibliotheken\/?p=9736"},"modified":"2011-12-16T14:55:33","modified_gmt":"2011-12-16T13:55:33","slug":"verspateter-hortipp","status":"publish","type":"post","link":"https:\/\/blogs.fu-berlin.de\/bibliotheken\/2011\/12\/16\/verspateter-hortipp\/","title":{"rendered":"Versp\u00e4teter H\u00f6rtipp"},"content":{"rendered":"<p>Deutschlandradio Wissen hat im Monat Dezember in der Rubrik &#8222;Mein Studium&#8220; den Studiengang Bibliotheks- und Informationswissenschaften portr\u00e4tiert. Zwar liefen die Radiobeitr\u00e4ge bereits letzte Woche, doch lassen sich diese weiterhin kostenfrei unter <a href=\"https:\/\/wissen.dradio.de\/mein-studium-bibliotheks-und-informations-wissenschaft.100.de.html?dram:article_id=13852\">wissen.dradio.de<\/a> anh\u00f6ren. In f\u00fcnf Beitr\u00e4gen \u00e0 8 bis 10 Minuten wird der Studiengang vorgestellt und dabei auch unser heutiges Berufsfeld und Chancen auf dem Arbeitsmarkt thematisiert.<\/p>\n<p><strong>Kleiner Tipp:<\/strong> Du m\u00f6chtest (noch) nicht studieren, kannst Dir aber dennoch deine berufliche Zukunft in einer wissenschaftlichen Bibliothek vorstellen? Noch bis Ende Januar 2012 gibt es Gelegenheit, sich bei der Universit\u00e4tsbibliothek der FU als <a href=\"https:\/\/www.ub.fu-berlin.de\/service_neu\/ausbildung\/fami\/\">Fachangestellte\/r f\u00fcr Medien- und Informationsdienste<\/a> zu bewerben. Ausbildungsbeginn ist der September 2012 (<a href=\"https:\/\/www.fu-berlin.de\/sites\/ausbildung\/fachangestellte_medien\/index.html\">zum Ausschreibungstext<\/a>).<\/p>\n","protected":false},"excerpt":{"rendered":"<p>Deutschlandradio Wissen hat im Monat Dezember in der Rubrik &#8222;Mein Studium&#8220; den Studiengang Bibliotheks- und Informationswissenschaften portr\u00e4tiert. Zwar liefen die Radiobeitr\u00e4ge bereits letzte Woche, doch lassen sich diese weiterhin kostenfrei unter wissen.dradio.de anh\u00f6ren. In f\u00fcnf Beitr\u00e4gen \u00e0 8 bis 10 Minuten wird der Studiengang vorgestellt und dabei auch unser heutiges Berufsfeld und Chancen auf dem &hellip; <a href=\"https:\/\/blogs.fu-berlin.de\/bibliotheken\/2011\/12\/16\/verspateter-hortipp\/\" class=\"more-link\"><span class=\"screen-reader-text\">\u201eVersp\u00e4teter H\u00f6rtipp\u201c<\/span> weiterlesen<\/a><\/p>\n","protected":false},"author":293,"featured_media":0,"comment_status":"open","ping_status":"open","sticky":false,"template":"","format":"standard","meta":{"footnotes":""},"categories":[599,604],"tags":[2749,2748,1245,2133],"class_list":["post-9736","post","type-post","status-publish","format-standard","hentry","category-bibliothekswesen","category-ins-netz-geschaut","tag-bibliothekswissenschaft","tag-deutschlandradio-wissen","tag-informationswissenschaft","tag-studium"],"_links":{"self":[{"href":"https:\/\/blogs.fu-berlin.de\/bibliotheken\/wp-json\/wp\/v2\/posts\/9736","targetHints":{"allow":["GET"]}}],"collection":[{"href":"https:\/\/blogs.fu-berlin.de\/bibliotheken\/wp-json\/wp\/v2\/posts"}],"about":[{"href":"https:\/\/blogs.fu-berlin.de\/bibliotheken\/wp-json\/wp\/v2\/types\/post"}],"author":[{"embeddable":true,"href":"https:\/\/blogs.fu-berlin.de\/bibliotheken\/wp-json\/wp\/v2\/users\/293"}],"replies":[{"embeddable":true,"href":"https:\/\/blogs.fu-berlin.de\/bibliotheken\/wp-json\/wp\/v2\/comments?post=9736"}],"version-history":[{"count":8,"href":"https:\/\/blogs.fu-berlin.de\/bibliotheken\/wp-json\/wp\/v2\/posts\/9736\/revisions"}],"predecessor-version":[{"id":9753,"href":"https:\/\/blogs.fu-berlin.de\/bibliotheken\/wp-json\/wp\/v2\/posts\/9736\/revisions\/9753"}],"wp:attachment":[{"href":"https:\/\/blogs.fu-berlin.de\/bibliotheken\/wp-json\/wp\/v2\/media?parent=9736"}],"wp:term":[{"taxonomy":"category","embeddable":true,"href":"https:\/\/blogs.fu-berlin.de\/bibliotheken\/wp-json\/wp\/v2\/categories?post=9736"},{"taxonomy":"post_tag","embeddable":true,"href":"https:\/\/blogs.fu-berlin.de\/bibliotheken\/wp-json\/wp\/v2\/tags?post=9736"}],"curies":[{"name":"wp","href":"https:\/\/api.w.org\/{rel}","templated":true}]}}