{"id":9808,"date":"2011-12-21T12:15:36","date_gmt":"2011-12-21T11:15:36","guid":{"rendered":"https:\/\/blogs.fu-berlin.de\/bibliotheken\/?p=9808"},"modified":"2021-09-16T13:18:58","modified_gmt":"2021-09-16T12:18:58","slug":"neu-in-der-digitalen-bibliothek-der-aggb-katalog","status":"publish","type":"post","link":"https:\/\/blogs.fu-berlin.de\/bibliotheken\/2011\/12\/21\/neu-in-der-digitalen-bibliothek-der-aggb-katalog\/","title":{"rendered":"Neu in der Digitalen Bibliothek: der AGGB-Katalog"},"content":{"rendered":"\n<p><em><span class=\"has-inline-color has-bright-red-color\">Der Betrieb des \u201eDokumentationszentrums UN \u2013 EU\u201c wird eingestellt. Die entsprechende Literatur bleibt im Bestand und ist weiterhin zug\u00e4nglich.<\/span><\/em><\/p>\n\n\n<p>Im Vergleich zum <a href=\"https:\/\/primo.fu-berlin.de\/\">Bibliotheksportal | Primo<\/a> kommt der <a href=\"https:\/\/vs13.kobv.de\/V\/portal=FUBERLIN&amp;institute=FUBERLIN&amp;?func=find-db-1-title&amp;mode=titles&amp;azlist=N&amp;scan_utf=&amp;scan_start=aggb&amp;search_type=contains&amp;restricted=all\">Online-Katalog der Arbeitsgemeinschaft der Gedenkst\u00e4ttenbibliotheken (AGGB)<\/a> im Handling doch etwas \u201ealtbacken\u201c daher, dennoch haben wir ihn in die Digitale Bibliothek aufgenommen. Nachgewiesen werden Best\u00e4nde von Bibliotheken die sich an Orten von NS-Verbrechen, NS-Dokumentationszentren, Gedenkst\u00e4tten und weiteren Institutionen zur Aufarbeitung der SED-Diktatur und zu zeitgeschichtlichen Forschungseinrichtungen befinden.<\/p>\n<p>Verzeichnet werden B\u00fccher, Aufs\u00e4tze aus Zeitschriften und Sammelb\u00e4nden, Brosch\u00fcren und elektronische Medien, wobei laut Anbieter die Literatur vor 1945 noch nicht vollst\u00e4ndig verzeichnet wird. Der Online-Katalog wird monatlich aktualisiert und enth\u00e4lt momentan Best\u00e4nde folgender Bibliotheken:<\/p>\n<ul>\n<li>Aktives Museum Faschismus und Widerstand in Berlin e.V.<\/li>\n<\/ul>\n<ul>\n<li> Deutsche Nationalbibliothek Anne-Frank-Shoah-Bibliothek (Leipzig)<\/li>\n<\/ul>\n<ul>\n<li> Gedenkst\u00e4tte Deutscher Widerstand (Berlin)<\/li>\n<\/ul>\n<ul>\n<li> Gedenkst\u00e4tte und Museum Sachsenhausen<\/li>\n<\/ul>\n<ul>\n<li> Gedenk- und Bildungsst\u00e4tte Haus der Wannsee-Konferenz<\/li>\n<\/ul>\n<ul>\n<li> KZ-Gedenkst\u00e4tte Neuengamme<\/li>\n<\/ul>\n<ul>\n<li> NS-Dokumentationszentrum der Stadt K\u00f6ln<\/li>\n<\/ul>\n<ul>\n<li> Stiftung Neue Synagoge Berlin &#8211; Centrum Judaicum<\/li>\n<\/ul>\n<ul>\n<li> Stiftung Topographie des Terrors (auch <a href=\"https:\/\/vs13.kobv.de\/V\/portal=FUBERLIN&amp;institute=FUBERLIN&amp;?func=find-db-1-title&amp;mode=titles&amp;azlist=N&amp;scan_utf=&amp;scan_start=topographie&amp;search_type=contains&amp;restricted=all\">separat in der Digitalen Bibliothek<\/a> nachgewiesen)<\/li>\n<\/ul>","protected":false},"excerpt":{"rendered":"<p>Der Betrieb des \u201eDokumentationszentrums UN \u2013 EU\u201c wird eingestellt. Die entsprechende Literatur bleibt im Bestand und ist weiterhin zug\u00e4nglich. Im Vergleich zum Bibliotheksportal | Primo kommt der Online-Katalog der Arbeitsgemeinschaft der Gedenkst\u00e4ttenbibliotheken (AGGB) im Handling doch etwas \u201ealtbacken\u201c daher, dennoch haben wir ihn in die Digitale Bibliothek aufgenommen. Nachgewiesen werden Best\u00e4nde von Bibliotheken die sich &hellip; <a href=\"https:\/\/blogs.fu-berlin.de\/bibliotheken\/2011\/12\/21\/neu-in-der-digitalen-bibliothek-der-aggb-katalog\/\" class=\"more-link\"><span class=\"screen-reader-text\">\u201eNeu in der Digitalen Bibliothek: der AGGB-Katalog\u201c<\/span> weiterlesen<\/a><\/p>\n","protected":false},"author":293,"featured_media":0,"comment_status":"open","ping_status":"open","sticky":false,"template":"","format":"standard","meta":{"footnotes":""},"categories":[457,584805],"tags":[2760,2429,471,1215,2752],"class_list":["post-9808","post","type-post","status-publish","format-standard","hentry","category-digitale-bibliothek","category-was-ist-neu","tag-bibliothekskatalog","tag-ddr","tag-geschichte","tag-nationalsozialismus","tag-politologie"],"_links":{"self":[{"href":"https:\/\/blogs.fu-berlin.de\/bibliotheken\/wp-json\/wp\/v2\/posts\/9808","targetHints":{"allow":["GET"]}}],"collection":[{"href":"https:\/\/blogs.fu-berlin.de\/bibliotheken\/wp-json\/wp\/v2\/posts"}],"about":[{"href":"https:\/\/blogs.fu-berlin.de\/bibliotheken\/wp-json\/wp\/v2\/types\/post"}],"author":[{"embeddable":true,"href":"https:\/\/blogs.fu-berlin.de\/bibliotheken\/wp-json\/wp\/v2\/users\/293"}],"replies":[{"embeddable":true,"href":"https:\/\/blogs.fu-berlin.de\/bibliotheken\/wp-json\/wp\/v2\/comments?post=9808"}],"version-history":[{"count":5,"href":"https:\/\/blogs.fu-berlin.de\/bibliotheken\/wp-json\/wp\/v2\/posts\/9808\/revisions"}],"predecessor-version":[{"id":29587,"href":"https:\/\/blogs.fu-berlin.de\/bibliotheken\/wp-json\/wp\/v2\/posts\/9808\/revisions\/29587"}],"wp:attachment":[{"href":"https:\/\/blogs.fu-berlin.de\/bibliotheken\/wp-json\/wp\/v2\/media?parent=9808"}],"wp:term":[{"taxonomy":"category","embeddable":true,"href":"https:\/\/blogs.fu-berlin.de\/bibliotheken\/wp-json\/wp\/v2\/categories?post=9808"},{"taxonomy":"post_tag","embeddable":true,"href":"https:\/\/blogs.fu-berlin.de\/bibliotheken\/wp-json\/wp\/v2\/tags?post=9808"}],"curies":[{"name":"wp","href":"https:\/\/api.w.org\/{rel}","templated":true}]}}