{"id":9824,"date":"2011-12-23T10:21:28","date_gmt":"2011-12-23T09:21:28","guid":{"rendered":"https:\/\/blogs.fu-berlin.de\/bibliotheken\/?p=9824"},"modified":"2021-09-07T14:08:55","modified_gmt":"2021-09-07T13:08:55","slug":"dokumentationszentrum-un-eu-umgebaut","status":"publish","type":"post","link":"https:\/\/blogs.fu-berlin.de\/bibliotheken\/2011\/12\/23\/dokumentationszentrum-un-eu-umgebaut\/","title":{"rendered":"Dokumentationszentrum UN-EU umgebaut"},"content":{"rendered":"\n<p><em><span class=\"has-inline-color has-bright-red-color\">Der Betrieb des &#8222;Dokumentationszentrums UN &#8211; EU&#8220; wird eingestellt. Die entsprechende Literatur bleibt im Bestand und ist weiterhin zug\u00e4nglich.<\/span><\/em><\/p>\n\n\n<p><a href=\"https:\/\/blogs.fu-berlin.de\/bibliotheken\/2011\/12\/23\/dokumentationszentrum-un-eu-umgebaut\/uneu\/\" rel=\"attachment wp-att-9826\"><img loading=\"lazy\" decoding=\"async\" src=\"https:\/\/blogs.fu-berlin.de\/bibliotheken\/files\/2011\/12\/uneu.jpg\" alt=\"\" title=\"uneu\" class=\"alignright size-full wp-image-9826\" width=\"200\" vspace=\"4\" hspace=\"4\" height=\"142\"><\/a>Die Bauarbeiten im <a href=\"https:\/\/www.ub.fu-berlin.de\/bibliothek\/uneu\/\">Dokumentationszentrum UN-EU<\/a> in der Universit\u00e4tsbibliothek sind beendet (<a href=\"https:\/\/blogs.fu-berlin.de\/bibliotheken\/2011\/09\/06\/dokumentationszentrum-un-eu-wird-erweitert\/\">Biblioblog berichtete<\/a>). Der Kopierer ist wieder betriebsbereit. Internetnutzung ist an zwei Ger\u00e4ten auf Stehpulten oder \u00fcber WLAN  mit Ihrem eigenen Notebook m\u00f6glich. <\/p>\n<p>Die wichtigen Prim\u00e4rpublikationen (u.a. die Official Records der Vereinten Nationen und die Sitzungsprotokolle des Europ\u00e4ischen Parlaments) werden aus dem Zeitschriftenfreihandmagazin in das Dokumentationszentrum umgestellt und nach einer neuen Systematik aufgestellt. Im Laufe des n\u00e4chsten Jahres wird auch der \u00fcbrige Bestand auf diese neue Systematik umgestellt werden.<\/p>\n<p>Die  Zeitschriften Spiegel, Spektrum der Wissenschaft, Psychologie heute, Test usw. finden Sie wieder in den Regalen im Eingangsbereich.<\/p>\n<p>Fragen beantworten Ihnen gerne die Mitarbeiterinnen des Dokumentationszentrums<br>\nTel.: (030) 838-523 99, E-Mail: <a href=\"mailto:uneu-dok@ub.fu-berlin.de\">uneu-dok@ub.fu-berlin.de<\/a><\/p>\n<p>Wir danken Ihnen f\u00fcr Ihre Geduld. Ihre Universit\u00e4tsbibliothek.<\/p>\n<h6>Dank f\u00fcr dieses Posting an Sabine Hertel, Mitarbeiterin des Dokumentationszentrums UN-EU.<\/h6>","protected":false},"excerpt":{"rendered":"<p>Der Betrieb des &#8222;Dokumentationszentrums UN &#8211; EU&#8220; wird eingestellt. Die entsprechende Literatur bleibt im Bestand und ist weiterhin zug\u00e4nglich. Die Bauarbeiten im Dokumentationszentrum UN-EU in der Universit\u00e4tsbibliothek sind beendet (Biblioblog berichtete). Der Kopierer ist wieder betriebsbereit. Internetnutzung ist an zwei Ger\u00e4ten auf Stehpulten oder \u00fcber WLAN mit Ihrem eigenen Notebook m\u00f6glich. Die wichtigen Prim\u00e4rpublikationen (u.a. &hellip; <a href=\"https:\/\/blogs.fu-berlin.de\/bibliotheken\/2011\/12\/23\/dokumentationszentrum-un-eu-umgebaut\/\" class=\"more-link\"><span class=\"screen-reader-text\">\u201eDokumentationszentrum UN-EU umgebaut\u201c<\/span> weiterlesen<\/a><\/p>\n","protected":false},"author":265,"featured_media":0,"comment_status":"open","ping_status":"open","sticky":false,"template":"","format":"standard","meta":{"footnotes":""},"categories":[601],"tags":[2458],"class_list":["post-9824","post","type-post","status-publish","format-standard","hentry","category-universitatsbibliothek","tag-dokumentationszentrum-un-eu"],"_links":{"self":[{"href":"https:\/\/blogs.fu-berlin.de\/bibliotheken\/wp-json\/wp\/v2\/posts\/9824","targetHints":{"allow":["GET"]}}],"collection":[{"href":"https:\/\/blogs.fu-berlin.de\/bibliotheken\/wp-json\/wp\/v2\/posts"}],"about":[{"href":"https:\/\/blogs.fu-berlin.de\/bibliotheken\/wp-json\/wp\/v2\/types\/post"}],"author":[{"embeddable":true,"href":"https:\/\/blogs.fu-berlin.de\/bibliotheken\/wp-json\/wp\/v2\/users\/265"}],"replies":[{"embeddable":true,"href":"https:\/\/blogs.fu-berlin.de\/bibliotheken\/wp-json\/wp\/v2\/comments?post=9824"}],"version-history":[{"count":15,"href":"https:\/\/blogs.fu-berlin.de\/bibliotheken\/wp-json\/wp\/v2\/posts\/9824\/revisions"}],"predecessor-version":[{"id":29034,"href":"https:\/\/blogs.fu-berlin.de\/bibliotheken\/wp-json\/wp\/v2\/posts\/9824\/revisions\/29034"}],"wp:attachment":[{"href":"https:\/\/blogs.fu-berlin.de\/bibliotheken\/wp-json\/wp\/v2\/media?parent=9824"}],"wp:term":[{"taxonomy":"category","embeddable":true,"href":"https:\/\/blogs.fu-berlin.de\/bibliotheken\/wp-json\/wp\/v2\/categories?post=9824"},{"taxonomy":"post_tag","embeddable":true,"href":"https:\/\/blogs.fu-berlin.de\/bibliotheken\/wp-json\/wp\/v2\/tags?post=9824"}],"curies":[{"name":"wp","href":"https:\/\/api.w.org\/{rel}","templated":true}]}}