{"id":9987,"date":"2012-01-11T11:08:15","date_gmt":"2012-01-11T10:08:15","guid":{"rendered":"https:\/\/blogs.fu-berlin.de\/bibliotheken\/?p=9987"},"modified":"2012-01-11T11:08:15","modified_gmt":"2012-01-11T10:08:15","slug":"neu-in-der-digitalen-bibliothek-gedachtnis-der-nation","status":"publish","type":"post","link":"https:\/\/blogs.fu-berlin.de\/bibliotheken\/2012\/01\/11\/neu-in-der-digitalen-bibliothek-gedachtnis-der-nation\/","title":{"rendered":"Neu in der Digitalen Bibliothek: Ged\u00e4chtnis der Nation"},"content":{"rendered":"<p><a href=\"https:\/\/blogs.fu-berlin.de\/bibliotheken\/?attachment_id=9290\"><img loading=\"lazy\" decoding=\"async\" class=\"alignright size-full wp-image-9290\" title=\"logo_gdn\" src=\"https:\/\/blogs.fu-berlin.de\/bibliotheken\/files\/2011\/11\/logo_gdn.jpg\" alt=\"\" width=\"160\" height=\"61\" align=\"right\" \/><\/a>Bereits im November 2011 hatte unsere Rubrik \u201eLink des Monats\u201c die freie multimediale Plattform <em>Ged\u00e4chtnis der Nation<\/em> <a href=\"https:\/\/www.ub.fu-berlin.de\/service_neu\/linktipp\/1111.html\">beworben<\/a>. Nun ist die Datenbank auch in der <a href=\"https:\/\/vs13.kobv.de\/V\/portal=FUBERLIN&amp;institute=FUBERLIN&amp;?func=find-db-1-title&amp;mode=titles&amp;azlist=N&amp;scan_utf=&amp;scan_start=der+nation&amp;search_type=contains&amp;restricted=all\">Digitalen Bibliothek vertreten<\/a>. Inspiriert von Steven Spielbergs <a href=\"https:\/\/vs13.kobv.de\/V\/portal=FUBERLIN&amp;institute=FUBERLIN&amp;?func=find-db-1-title&amp;mode=titles&amp;azlist=N&amp;scan_utf=&amp;scan_start=vha&amp;search_type=contains&amp;restricted=all\">Visual History Archive<\/a> (VHA), hat sich das Projekt die Sammlung von Zeitzeugeninterviews aus 100 Jahren deutscher Geschichte auf die Fahnen geschrieben. Mit 1800 Interviews von weitestgehend prominenten Zeitzeugen aus ZDF-Best\u00e4nden wie der Reihe <em>Zeugen des Jahrhunderts<\/em> gestartet, war das Redaktionsteam von <em>Ged\u00e4chtnis der Nation<\/em> auch bis Dezember 2011 mit einem mobilen Aufnahmestudio quer durch Deutschland unterwegs, um Erinnerungen vom normalen B\u00fcrger f\u00fcr die Nachwelt festzuhalten. Die Videos, haupts\u00e4chlich \u00fcber das Thema deutsch-deutsche Teilung, stehen jedoch noch nicht zur Verf\u00fcgung. Ebenso tut sich leider auch recht wenig auf dem extra eingerichteten <a href=\"https:\/\/www.youtube.com\/unseregeschichte\">YoutTube-Mitmach-Channel<\/a>.<\/p>\n","protected":false},"excerpt":{"rendered":"<p>Bereits im November 2011 hatte unsere Rubrik \u201eLink des Monats\u201c die freie multimediale Plattform Ged\u00e4chtnis der Nation beworben. Nun ist die Datenbank auch in der Digitalen Bibliothek vertreten. Inspiriert von Steven Spielbergs Visual History Archive (VHA), hat sich das Projekt die Sammlung von Zeitzeugeninterviews aus 100 Jahren deutscher Geschichte auf die Fahnen geschrieben. Mit 1800 &hellip; <a href=\"https:\/\/blogs.fu-berlin.de\/bibliotheken\/2012\/01\/11\/neu-in-der-digitalen-bibliothek-gedachtnis-der-nation\/\" class=\"more-link\"><span class=\"screen-reader-text\">\u201eNeu in der Digitalen Bibliothek: Ged\u00e4chtnis der Nation\u201c<\/span> weiterlesen<\/a><\/p>\n","protected":false},"author":293,"featured_media":0,"comment_status":"open","ping_status":"open","sticky":false,"template":"","format":"standard","meta":{"footnotes":""},"categories":[457,584805],"tags":[916,471,2832,2833],"class_list":["post-9987","post","type-post","status-publish","format-standard","hentry","category-digitale-bibliothek","category-was-ist-neu","tag-deutschland","tag-geschichte","tag-video-archiv","tag-zeitzeugen-interviews"],"_links":{"self":[{"href":"https:\/\/blogs.fu-berlin.de\/bibliotheken\/wp-json\/wp\/v2\/posts\/9987","targetHints":{"allow":["GET"]}}],"collection":[{"href":"https:\/\/blogs.fu-berlin.de\/bibliotheken\/wp-json\/wp\/v2\/posts"}],"about":[{"href":"https:\/\/blogs.fu-berlin.de\/bibliotheken\/wp-json\/wp\/v2\/types\/post"}],"author":[{"embeddable":true,"href":"https:\/\/blogs.fu-berlin.de\/bibliotheken\/wp-json\/wp\/v2\/users\/293"}],"replies":[{"embeddable":true,"href":"https:\/\/blogs.fu-berlin.de\/bibliotheken\/wp-json\/wp\/v2\/comments?post=9987"}],"version-history":[{"count":5,"href":"https:\/\/blogs.fu-berlin.de\/bibliotheken\/wp-json\/wp\/v2\/posts\/9987\/revisions"}],"predecessor-version":[{"id":9992,"href":"https:\/\/blogs.fu-berlin.de\/bibliotheken\/wp-json\/wp\/v2\/posts\/9987\/revisions\/9992"}],"wp:attachment":[{"href":"https:\/\/blogs.fu-berlin.de\/bibliotheken\/wp-json\/wp\/v2\/media?parent=9987"}],"wp:term":[{"taxonomy":"category","embeddable":true,"href":"https:\/\/blogs.fu-berlin.de\/bibliotheken\/wp-json\/wp\/v2\/categories?post=9987"},{"taxonomy":"post_tag","embeddable":true,"href":"https:\/\/blogs.fu-berlin.de\/bibliotheken\/wp-json\/wp\/v2\/tags?post=9987"}],"curies":[{"name":"wp","href":"https:\/\/api.w.org\/{rel}","templated":true}]}}