{"id":9993,"date":"2012-01-11T17:14:18","date_gmt":"2012-01-11T16:14:18","guid":{"rendered":"https:\/\/blogs.fu-berlin.de\/bibliotheken\/?p=9993"},"modified":"2012-01-11T17:18:40","modified_gmt":"2012-01-11T16:18:40","slug":"neue-virtuelle-fachbibliothek-kunst-im-aufbau","status":"publish","type":"post","link":"https:\/\/blogs.fu-berlin.de\/bibliotheken\/2012\/01\/11\/neue-virtuelle-fachbibliothek-kunst-im-aufbau\/","title":{"rendered":"Neue Virtuelle Fachbibliothek Kunst im Aufbau"},"content":{"rendered":"<p>Bis Dezember 2010 existierten noch zwei getrennte Virtuelle Fachbibliotheken zum Themenbereich Kunst. Zwischen 2001 bis 2004 entstand durch DFG-F\u00f6rdermittel die von der SLUB Dresden betreute \u201eViFaArt \u2013 Virtuelle Fachbibliothek Gegenwartskunst\u201c, die sich dem Sondersammelgebiet f\u00fcr die zeitgen\u00f6ssische Kunst ab 1945, darunter auch Fotografie, Industriedesign und Gebrauchsgrafik, widmete. Ihr Gegenpart war die zwischen 2005 bis 2010 ebenfalls von der DFG gef\u00f6rderte Plattform \u201earthistoricum.net \u2013 Virtuelle Fachbibliothek Kunstgeschichte\u201c. Dies wurde vom Zentralinstitut f\u00fcr Kunstgeschichte in M\u00fcnchen gemeinsam mit der Universit\u00e4tsbibliothek Heidelberg betrieben und widmete sich dem Sondersammelgebiet \u201eEurop\u00e4ische Kunstgeschichte bis 1945 und Allgemeine Kunstwissenschaft\u201c.<\/p>\n<p><a rel=\"attachment wp-att-9995\" href=\"https:\/\/blogs.fu-berlin.de\/bibliotheken\/2012\/01\/11\/neue-virtuelle-fachbibliothek-kunst-im-aufbau\/arthistoricum\/\"><img loading=\"lazy\" decoding=\"async\" class=\"alignright size-full wp-image-9995\" title=\"arthistoricum\" src=\"https:\/\/blogs.fu-berlin.de\/bibliotheken\/files\/2012\/01\/arthistoricum.gif\" alt=\"\" width=\"250\" height=\"41\" align=\"right\" \/><\/a>Nach Auslaufen der finanziellen F\u00f6rderung wurde zum Januar 2012 beschlossen, beide Angebote zusammenzuf\u00fchren. Dies geschieht nun unter dem leicht abgewandelten Namen <a href=\"https:\/\/vs13.kobv.de\/V\/portal=FUBERLIN&amp;institute=FUBERLIN&amp;?func=find-db-1-title&amp;mode=titles&amp;azlist=N&amp;scan_utf=&amp;scan_start=arthistoricum&amp;search_type=contains&amp;restricted=all\">arthistoricum.net \u2013 Virtuelle Fachbibliothek Kunst<\/a>. Ab sofort sollen unter der neuen Plattform Text- und Bildquellen sowie wissenschaftlich relevante Informationen vom Mittelalter bis zur Gegenwart pr\u00e4sentiert werden. Die Plattform befindet sich noch im Aufbau und wird nur noch von der SLUB Dresden gemeinsam mit der Universit\u00e4tsbibliothek Heidelberg betrieben, in Zusammenarbeit mit dem Institut f\u00fcr Kunstgeschichte der LMU M\u00fcnchen. Durch die Rubriken \u201ePublizieren\u201c und \u201eRezensionen\u201c soll u. a. verst\u00e4rkt auf das Open-Access-Prinzip gesetzt werden.<\/p>\n","protected":false},"excerpt":{"rendered":"<p>Bis Dezember 2010 existierten noch zwei getrennte Virtuelle Fachbibliotheken zum Themenbereich Kunst. Zwischen 2001 bis 2004 entstand durch DFG-F\u00f6rdermittel die von der SLUB Dresden betreute \u201eViFaArt \u2013 Virtuelle Fachbibliothek Gegenwartskunst\u201c, die sich dem Sondersammelgebiet f\u00fcr die zeitgen\u00f6ssische Kunst ab 1945, darunter auch Fotografie, Industriedesign und Gebrauchsgrafik, widmete. Ihr Gegenpart war die zwischen 2005 bis 2010 &hellip; <a href=\"https:\/\/blogs.fu-berlin.de\/bibliotheken\/2012\/01\/11\/neue-virtuelle-fachbibliothek-kunst-im-aufbau\/\" class=\"more-link\"><span class=\"screen-reader-text\">\u201eNeue Virtuelle Fachbibliothek Kunst im Aufbau\u201c<\/span> weiterlesen<\/a><\/p>\n","protected":false},"author":293,"featured_media":0,"comment_status":"open","ping_status":"open","sticky":false,"template":"","format":"standard","meta":{"footnotes":""},"categories":[457,584805],"tags":[2835,1269,1267,2836],"class_list":["post-9993","post","type-post","status-publish","format-standard","hentry","category-digitale-bibliothek","category-was-ist-neu","tag-arthistoricum-net","tag-kunst","tag-kunstgeschichte","tag-vifaart"],"_links":{"self":[{"href":"https:\/\/blogs.fu-berlin.de\/bibliotheken\/wp-json\/wp\/v2\/posts\/9993","targetHints":{"allow":["GET"]}}],"collection":[{"href":"https:\/\/blogs.fu-berlin.de\/bibliotheken\/wp-json\/wp\/v2\/posts"}],"about":[{"href":"https:\/\/blogs.fu-berlin.de\/bibliotheken\/wp-json\/wp\/v2\/types\/post"}],"author":[{"embeddable":true,"href":"https:\/\/blogs.fu-berlin.de\/bibliotheken\/wp-json\/wp\/v2\/users\/293"}],"replies":[{"embeddable":true,"href":"https:\/\/blogs.fu-berlin.de\/bibliotheken\/wp-json\/wp\/v2\/comments?post=9993"}],"version-history":[{"count":10,"href":"https:\/\/blogs.fu-berlin.de\/bibliotheken\/wp-json\/wp\/v2\/posts\/9993\/revisions"}],"predecessor-version":[{"id":10004,"href":"https:\/\/blogs.fu-berlin.de\/bibliotheken\/wp-json\/wp\/v2\/posts\/9993\/revisions\/10004"}],"wp:attachment":[{"href":"https:\/\/blogs.fu-berlin.de\/bibliotheken\/wp-json\/wp\/v2\/media?parent=9993"}],"wp:term":[{"taxonomy":"category","embeddable":true,"href":"https:\/\/blogs.fu-berlin.de\/bibliotheken\/wp-json\/wp\/v2\/categories?post=9993"},{"taxonomy":"post_tag","embeddable":true,"href":"https:\/\/blogs.fu-berlin.de\/bibliotheken\/wp-json\/wp\/v2\/tags?post=9993"}],"curies":[{"name":"wp","href":"https:\/\/api.w.org\/{rel}","templated":true}]}}