{"id":1049,"date":"2017-12-11T09:20:36","date_gmt":"2017-12-11T07:20:36","guid":{"rendered":"https:\/\/blogs.fu-berlin.de\/dachadobeconnect\/?p=1049"},"modified":"2020-10-23T16:49:41","modified_gmt":"2020-10-23T14:49:41","slug":"rueckblick-webinar-06-dezember-2017","status":"publish","type":"post","link":"https:\/\/blogs.fu-berlin.de\/dachadobeconnect\/2017\/12\/11\/rueckblick-webinar-06-dezember-2017\/","title":{"rendered":"R\u00fcckblick: Online-Seminar 06. Dezember 2017"},"content":{"rendered":"<p>Unser zweites Online-Seminar am 06.12.2017 stand im Zeichen dreier verschiedener Themenbereiche: W\u00e4hrend der ersten 15 Minuten erl\u00e4uterten Kirsten Konert und Sebastian Liebscher das Thema <strong>\u201eGruppenr\u00e4ume in Adobe Connect\u201c<\/strong>. Dabei stand neben didaktischen Einsatzszenarien auch der praktische Erfahrungsaustausch mit Gruppenr\u00e4umen im Vordergrund. So wurde bspw. per Screensharing die Nutzung der Gruppenr\u00e4ume skizziert.<\/p>\n<p>Der zweite 15-minutige Teil des Online-Seminars beleuchtete die Umsetzung von <strong>\u201eHybrid-Meetings\u201c<\/strong>. Detlef Woschitzke und Frank Schulze erl\u00e4uterten dabei die technischen Voraussetzungen bei \u201ekleinen\u201c und \u201egro\u00dfen\u201c Hybrid-Meetings und die bei der Durchf\u00fchrung zu beachtenden Herausforderungen gerade in Bezug auf die richtige Nutzung und Auswahl der Mikrophone.<\/p>\n<p>Im letzten Abschnitt thematisierten Katrin Braungardt und Marcel Sch\u00e4fer das Thema <strong>\u201eInternationale Meetings\u201c<\/strong>. Unter anderem wurde dabei der Einsatz von Adobe Connect bei der \u00dcbertragung von Lehrveranstaltungen aus der Ruhr-Universit\u00e4t Bochum nach Afghanistan erl\u00e4utert sowie der Einsatz der Software im Rahmen wissenschaftlicher Kooperationen und Online-Masterabschlusspr\u00fcfungen.<\/p>\n<p>Zum Abschluss wurden die neuen Features von Adobe Connect 9.7 von Undine Grohmann vorgestellt:<\/p>\n<ul>\n<li>Bereitstellung einer Desktop Applikation f\u00fcr Aobe Connect Meetingr\u00e4ume ohne Flash-Player\n<ul>\n<li>Nutzung von Adobe Connect \u00fcber den Webbrowser steht weiterhin zur Verf\u00fcgung<\/li>\n<li>Diagnosetest verbessert, z.B. Audio-Einstellungen bereits au\u00dferhalb des Adobe Connect Raums realisierbar<\/li>\n<\/ul>\n<\/li>\n<li>Neue Adobe Connect Startseite in HMTL5\n<ul>\n<li>Administrations- bzw. Verwaltungsoberfl\u00e4che neu gestaltet<\/li>\n<li>funktioniert unabh\u00e4ngig von Adobe Flash<\/li>\n<\/ul>\n<\/li>\n<li>Weitere Informationen dazu unter: https:\/\/helpx.adobe.com\/adobe-connect\/using\/what-s-new-in-adobe-connect.html<\/li>\n<\/ul>\n<p>Zu den Themen des Online-Seminars finden Sie in unserem Blog oder im Wiki auf folgenden Seiten zus\u00e4tzliche vertiefende Informationen:<\/p>\n<p><strong>Gruppenr\u00e4ume: <\/strong><\/p>\n<p>Blog: <a href=\"https:\/\/blogs.fu-berlin.de\/dachadobeconnect\/tag\/gruppenraeume\/\">https:\/\/blogs.fu-berlin.de\/dachadobeconnect\/tag\/gruppenraeume\/<\/a><\/p>\n<p>Wiki: <a href=\"https:\/\/wiki.fernuni-hagen.de\/dachadobeconnect\/index.php\/Gruppenpuzzle\" target=\"_blank\" rel=\"noopener noreferrer\">https:\/\/wiki.fernuni-hagen.de\/dachadobeconnect\/index.php\/Gruppenpuzzle<\/a><\/p>\n<p><strong>Hybrid-Meetings:<\/strong><\/p>\n<p>Blog: <a href=\"https:\/\/blogs.fu-berlin.de\/dachadobeconnect\/tag\/hybridmeeting\/\">https:\/\/blogs.fu-berlin.de\/dachadobeconnect\/tag\/hybridmeeting\/<\/a><\/p>\n<p>Wiki: <a href=\"https:\/\/wiki.fernuni-hagen.de\/dachadobeconnect\/index.php\/Hybridmeetings_I\" target=\"_blank\" rel=\"noopener noreferrer\">https:\/\/wiki.fernuni-hagen.de\/dachadobeconnect\/index.php\/Hybridmeetings_I<\/a><\/p>\n<p>Wir w\u00fcnschen allen Kolleginnen und Kollegen eine sch\u00f6ne Adventszeit, erholsame Feiertage und einen guten Rutsch in das Neue Jahr 2018 und wir freuen uns, Sie bei unserem n\u00e4chsten Online-Seminar am 10.01.2018 zum Thema \u201eGruppenr\u00e4ume praktisch: Gruppenr\u00e4ume ausprobieren\u201c wieder zu sehen.<\/p>\n","protected":false},"excerpt":{"rendered":"<p>Unser zweites Online-Seminar am 06.12.2017 stand im Zeichen dreier verschiedener Themenbereiche: W\u00e4hrend der ersten 15 Minuten erl\u00e4uterten Kirsten Konert und Sebastian Liebscher das Thema \u201eGruppenr\u00e4ume in Adobe Connect\u201c. Dabei stand neben didaktischen Einsatzszenarien auch der praktische Erfahrungsaustausch mit Gruppenr\u00e4umen im Vordergrund. So wurde bspw. per Screensharing die Nutzung der Gruppenr\u00e4ume skizziert. Der zweite 15-minutige Teil &hellip; <a href=\"https:\/\/blogs.fu-berlin.de\/dachadobeconnect\/2017\/12\/11\/rueckblick-webinar-06-dezember-2017\/\" class=\"more-link\">Continue reading<span class=\"screen-reader-text\"> &#8220;R\u00fcckblick: Online-Seminar 06. Dezember 2017&#8221;<\/span><\/a><\/p>\n","protected":false},"author":2870,"featured_media":0,"comment_status":"open","ping_status":"open","sticky":false,"template":"","format":"standard","meta":{"footnotes":""},"categories":[9,39950],"tags":[50440,56051,56083],"class_list":["post-1049","post","type-post","status-publish","format-standard","hentry","category-allgemein","category-rueckblick","tag-gruppenraeume","tag-hybridmeeting","tag-hybridmeetings"],"_links":{"self":[{"href":"https:\/\/blogs.fu-berlin.de\/dachadobeconnect\/wp-json\/wp\/v2\/posts\/1049","targetHints":{"allow":["GET"]}}],"collection":[{"href":"https:\/\/blogs.fu-berlin.de\/dachadobeconnect\/wp-json\/wp\/v2\/posts"}],"about":[{"href":"https:\/\/blogs.fu-berlin.de\/dachadobeconnect\/wp-json\/wp\/v2\/types\/post"}],"author":[{"embeddable":true,"href":"https:\/\/blogs.fu-berlin.de\/dachadobeconnect\/wp-json\/wp\/v2\/users\/2870"}],"replies":[{"embeddable":true,"href":"https:\/\/blogs.fu-berlin.de\/dachadobeconnect\/wp-json\/wp\/v2\/comments?post=1049"}],"version-history":[{"count":5,"href":"https:\/\/blogs.fu-berlin.de\/dachadobeconnect\/wp-json\/wp\/v2\/posts\/1049\/revisions"}],"predecessor-version":[{"id":1758,"href":"https:\/\/blogs.fu-berlin.de\/dachadobeconnect\/wp-json\/wp\/v2\/posts\/1049\/revisions\/1758"}],"wp:attachment":[{"href":"https:\/\/blogs.fu-berlin.de\/dachadobeconnect\/wp-json\/wp\/v2\/media?parent=1049"}],"wp:term":[{"taxonomy":"category","embeddable":true,"href":"https:\/\/blogs.fu-berlin.de\/dachadobeconnect\/wp-json\/wp\/v2\/categories?post=1049"},{"taxonomy":"post_tag","embeddable":true,"href":"https:\/\/blogs.fu-berlin.de\/dachadobeconnect\/wp-json\/wp\/v2\/tags?post=1049"}],"curies":[{"name":"wp","href":"https:\/\/api.w.org\/{rel}","templated":true}]}}