{"id":1099,"date":"2018-05-02T16:50:03","date_gmt":"2018-05-02T14:50:03","guid":{"rendered":"https:\/\/blogs.fu-berlin.de\/dachadobeconnect\/?p=1099"},"modified":"2020-10-23T16:54:49","modified_gmt":"2020-10-23T14:54:49","slug":"zweites-webinar-im-sose-18-am-16-mai-2018","status":"publish","type":"post","link":"https:\/\/blogs.fu-berlin.de\/dachadobeconnect\/2018\/05\/02\/zweites-webinar-im-sose-18-am-16-mai-2018\/","title":{"rendered":"Zweites Online-Seminar im SoSe 18 am 16. Mai 2018"},"content":{"rendered":"<h3>Mittwoch, 16.05.2018, 15 bis 16 Uhr<\/h3>\n<p><strong>Adobe Connect Anwendungsszenarien<\/strong><\/p>\n<p>Im zweiten Online-Seminar im Sommersemester 2018 wollen wir Ihnen einen \u00dcberblick \u00fcber die vielf\u00e4ltigen Anwendungsszenarien geben. Sie erhalten in diesem Aufbau-Seminar Praxistipps und Hinweise aus didaktischer Sicht.<\/p>\n<p>Das Online-Seminar wird von folgenden Referent\/in\/en gestaltet:<\/p>\n<figure id=\"attachment_888\" aria-describedby=\"caption-attachment-888\" style=\"width: 100px\" class=\"wp-caption alignleft\"><a href=\"https:\/\/blogs.fu-berlin.de\/dachadobeconnect\/files\/2016\/10\/dethloff-100x100.jpg\"><img loading=\"lazy\" decoding=\"async\" class=\"wp-image-888 size-full\" src=\"https:\/\/blogs.fu-berlin.de\/dachadobeconnect\/files\/2016\/10\/dethloff-100x100.jpg\" alt=\"Foto Dethloff\" width=\"100\" height=\"100\" \/><\/a><figcaption id=\"caption-attachment-888\" class=\"wp-caption-text\">Ingrid Detholff (Universit\u00e4t Heidelberg)<\/figcaption><\/figure>\n<figure id=\"attachment_933\" aria-describedby=\"caption-attachment-933\" style=\"width: 91px\" class=\"wp-caption alignleft\"><a href=\"https:\/\/blogs.fu-berlin.de\/dachadobeconnect\/files\/2016\/12\/s-liebscher-100x110.jpg\"><img loading=\"lazy\" decoding=\"async\" class=\"wp-image-933\" src=\"https:\/\/blogs.fu-berlin.de\/dachadobeconnect\/files\/2016\/12\/s-liebscher-100x110.jpg\" alt=\"\" width=\"91\" height=\"100\" \/><\/a><figcaption id=\"caption-attachment-933\" class=\"wp-caption-text\">Technische Universit\u00e4t Dresden, VCC<\/figcaption><\/figure>\n<figure id=\"attachment_916\" aria-describedby=\"caption-attachment-916\" style=\"width: 97px\" class=\"wp-caption alignleft\"><a href=\"https:\/\/blogs.fu-berlin.de\/dachadobeconnect\/files\/2016\/11\/frank_100px.jpg\"><img loading=\"lazy\" decoding=\"async\" class=\"size-full wp-image-916\" src=\"https:\/\/blogs.fu-berlin.de\/dachadobeconnect\/files\/2016\/11\/frank_100px.jpg\" alt=\"\" width=\"97\" height=\"100\" \/><\/a><figcaption id=\"caption-attachment-916\" class=\"wp-caption-text\">Technische Universit\u00e4t Dresden, VCC<\/figcaption><\/figure>\n<p>&nbsp;<\/p>\n<p>&nbsp;<\/p>\n<p>&nbsp;<\/p>\n<p>&nbsp;<\/p>\n<p>&nbsp;<\/p>\n<p>Wir freuen uns auf Ihre Fragen und Ihre Teilnahme.<\/p>\n<p>Hier geht es zum <a href=\"https:\/\/webconf.vc.dfn.de\/dachadobeconnect\/\" target=\"_blank\" rel=\"noopener noreferrer\">Online-Raum.<\/a><\/p>\n","protected":false},"excerpt":{"rendered":"<p>Mittwoch, 16.05.2018, 15 bis 16 Uhr Adobe Connect Anwendungsszenarien Im zweiten Online-Seminar im Sommersemester 2018 wollen wir Ihnen einen \u00dcberblick \u00fcber die vielf\u00e4ltigen Anwendungsszenarien geben. Sie erhalten in diesem Aufbau-Seminar Praxistipps und Hinweise aus didaktischer Sicht. Das Online-Seminar wird von folgenden Referent\/in\/en gestaltet: &nbsp; &nbsp; &nbsp; &nbsp; &nbsp; Wir freuen uns auf Ihre Fragen und &hellip; <a href=\"https:\/\/blogs.fu-berlin.de\/dachadobeconnect\/2018\/05\/02\/zweites-webinar-im-sose-18-am-16-mai-2018\/\" class=\"more-link\">Continue reading<span class=\"screen-reader-text\"> &#8220;Zweites Online-Seminar im SoSe 18 am 16. Mai 2018&#8221;<\/span><\/a><\/p>\n","protected":false},"author":2870,"featured_media":0,"comment_status":"open","ping_status":"open","sticky":false,"template":"","format":"standard","meta":{"footnotes":""},"categories":[9],"tags":[],"class_list":["post-1099","post","type-post","status-publish","format-standard","hentry","category-allgemein"],"_links":{"self":[{"href":"https:\/\/blogs.fu-berlin.de\/dachadobeconnect\/wp-json\/wp\/v2\/posts\/1099","targetHints":{"allow":["GET"]}}],"collection":[{"href":"https:\/\/blogs.fu-berlin.de\/dachadobeconnect\/wp-json\/wp\/v2\/posts"}],"about":[{"href":"https:\/\/blogs.fu-berlin.de\/dachadobeconnect\/wp-json\/wp\/v2\/types\/post"}],"author":[{"embeddable":true,"href":"https:\/\/blogs.fu-berlin.de\/dachadobeconnect\/wp-json\/wp\/v2\/users\/2870"}],"replies":[{"embeddable":true,"href":"https:\/\/blogs.fu-berlin.de\/dachadobeconnect\/wp-json\/wp\/v2\/comments?post=1099"}],"version-history":[{"count":8,"href":"https:\/\/blogs.fu-berlin.de\/dachadobeconnect\/wp-json\/wp\/v2\/posts\/1099\/revisions"}],"predecessor-version":[{"id":1768,"href":"https:\/\/blogs.fu-berlin.de\/dachadobeconnect\/wp-json\/wp\/v2\/posts\/1099\/revisions\/1768"}],"wp:attachment":[{"href":"https:\/\/blogs.fu-berlin.de\/dachadobeconnect\/wp-json\/wp\/v2\/media?parent=1099"}],"wp:term":[{"taxonomy":"category","embeddable":true,"href":"https:\/\/blogs.fu-berlin.de\/dachadobeconnect\/wp-json\/wp\/v2\/categories?post=1099"},{"taxonomy":"post_tag","embeddable":true,"href":"https:\/\/blogs.fu-berlin.de\/dachadobeconnect\/wp-json\/wp\/v2\/tags?post=1099"}],"curies":[{"name":"wp","href":"https:\/\/api.w.org\/{rel}","templated":true}]}}