{"id":1200,"date":"2019-01-14T10:12:49","date_gmt":"2019-01-14T08:12:49","guid":{"rendered":"https:\/\/blogs.fu-berlin.de\/dachadobeconnect\/?p=1200"},"modified":"2020-10-23T16:10:04","modified_gmt":"2020-10-23T14:10:04","slug":"zweites-webinar-im-wise-2018-19-am-15-januar-2019","status":"publish","type":"post","link":"https:\/\/blogs.fu-berlin.de\/dachadobeconnect\/2019\/01\/14\/zweites-webinar-im-wise-2018-19-am-15-januar-2019\/","title":{"rendered":"Zweites Online-Seminar im WiSe 2018\/19 am 15. Januar 2019"},"content":{"rendered":"<h3>Dienstag, 15.01.2019, 15 bis 16 Uhr<\/h3>\n<p><strong>Online-Seminare im Kontext hochschuldidaktischer Weiterbildungsangebote<\/strong><\/p>\n<p>Allen Kolleginnen und Kollegen w\u00fcnschen wir noch einen guten Start in das Neue Jahr 2019!<\/p>\n<p>In unserem zweiten Online-Seminar geht es um hochschuldidaktischer Weiterbildungsangebote an der Technischen Universit\u00e4t Dresden. Hier werden seit 2014 regelm\u00e4\u00dfig Online-Seminare im Rahmen der Hochschul- und mediendidaktischen Weiterbildung angeboten. Im Rahmen eines mehrw\u00f6chigen Blended-Learning-Kurses erf\u00fcllen die Online-Seminare unterschiedliche Funktionen, die im Online-Seminar vorgestellt werden. Unsere Referentin Jana Riedel berichtet kurz, welche Erfahrungen dabei gemacht wurden und wie sich die Konzepte weiterentwickelt haben. Dabei soll vor allem ein Erfahrungsaustausch angeregt werden.<\/p>\n<p>Das Online-Seminar wird von folgender Referentin gestaltet:<\/p>\n<figure id=\"attachment_1202\" aria-describedby=\"caption-attachment-1202\" style=\"width: 200px\" class=\"wp-caption alignnone\"><a href=\"https:\/\/blogs.fu-berlin.de\/dachadobeconnect\/files\/2019\/01\/riedel_200px_breite.jpg\"><img loading=\"lazy\" decoding=\"async\" class=\"wp-image-1202 size-full\" src=\"https:\/\/blogs.fu-berlin.de\/dachadobeconnect\/files\/2019\/01\/riedel_200px_breite.jpg\" alt=\"\" width=\"200\" height=\"121\" \/><\/a><figcaption id=\"caption-attachment-1202\" class=\"wp-caption-text\">Jana Riedel (TU Dresden)<\/figcaption><\/figure>\n<p><a href=\"https:\/\/tu-dresden.de\/mz\/die-einrichtung\/team\/jana-riedel\" target=\"_blank\" rel=\"noopener noreferrer\">https:\/\/tu-dresden.de\/mz\/die-einrichtung\/team\/jana-riedel<\/a><\/p>\n<p>Wir freuen uns auf Ihre Fragen und Ihre Teilnahme.<\/p>\n<p>Hier geht es zum\u00a0<a href=\"https:\/\/webconf.vc.dfn.de\/dachadobeconnect\/\" target=\"_blank\" rel=\"noopener noreferrer\">Online-Raum.<\/a><\/p>\n","protected":false},"excerpt":{"rendered":"<p>Dienstag, 15.01.2019, 15 bis 16 Uhr Online-Seminare im Kontext hochschuldidaktischer Weiterbildungsangebote Allen Kolleginnen und Kollegen w\u00fcnschen wir noch einen guten Start in das Neue Jahr 2019! In unserem zweiten Online-Seminar geht es um hochschuldidaktischer Weiterbildungsangebote an der Technischen Universit\u00e4t Dresden. Hier werden seit 2014 regelm\u00e4\u00dfig Online-Seminare im Rahmen der Hochschul- und mediendidaktischen Weiterbildung angeboten. Im &hellip; <a href=\"https:\/\/blogs.fu-berlin.de\/dachadobeconnect\/2019\/01\/14\/zweites-webinar-im-wise-2018-19-am-15-januar-2019\/\" class=\"more-link\">Continue reading<span class=\"screen-reader-text\"> &#8220;Zweites Online-Seminar im WiSe 2018\/19 am 15. Januar 2019&#8221;<\/span><\/a><\/p>\n","protected":false},"author":2870,"featured_media":0,"comment_status":"open","ping_status":"open","sticky":false,"template":"","format":"standard","meta":{"footnotes":""},"categories":[9],"tags":[],"class_list":["post-1200","post","type-post","status-publish","format-standard","hentry","category-allgemein"],"_links":{"self":[{"href":"https:\/\/blogs.fu-berlin.de\/dachadobeconnect\/wp-json\/wp\/v2\/posts\/1200","targetHints":{"allow":["GET"]}}],"collection":[{"href":"https:\/\/blogs.fu-berlin.de\/dachadobeconnect\/wp-json\/wp\/v2\/posts"}],"about":[{"href":"https:\/\/blogs.fu-berlin.de\/dachadobeconnect\/wp-json\/wp\/v2\/types\/post"}],"author":[{"embeddable":true,"href":"https:\/\/blogs.fu-berlin.de\/dachadobeconnect\/wp-json\/wp\/v2\/users\/2870"}],"replies":[{"embeddable":true,"href":"https:\/\/blogs.fu-berlin.de\/dachadobeconnect\/wp-json\/wp\/v2\/comments?post=1200"}],"version-history":[{"count":5,"href":"https:\/\/blogs.fu-berlin.de\/dachadobeconnect\/wp-json\/wp\/v2\/posts\/1200\/revisions"}],"predecessor-version":[{"id":1704,"href":"https:\/\/blogs.fu-berlin.de\/dachadobeconnect\/wp-json\/wp\/v2\/posts\/1200\/revisions\/1704"}],"wp:attachment":[{"href":"https:\/\/blogs.fu-berlin.de\/dachadobeconnect\/wp-json\/wp\/v2\/media?parent=1200"}],"wp:term":[{"taxonomy":"category","embeddable":true,"href":"https:\/\/blogs.fu-berlin.de\/dachadobeconnect\/wp-json\/wp\/v2\/categories?post=1200"},{"taxonomy":"post_tag","embeddable":true,"href":"https:\/\/blogs.fu-berlin.de\/dachadobeconnect\/wp-json\/wp\/v2\/tags?post=1200"}],"curies":[{"name":"wp","href":"https:\/\/api.w.org\/{rel}","templated":true}]}}