{"id":1223,"date":"2019-02-13T10:46:56","date_gmt":"2019-02-13T08:46:56","guid":{"rendered":"https:\/\/blogs.fu-berlin.de\/dachadobeconnect\/?p=1223"},"modified":"2020-10-23T16:07:28","modified_gmt":"2020-10-23T14:07:28","slug":"rueckblick-auf-drittes-webinar-im-wise-2018-19","status":"publish","type":"post","link":"https:\/\/blogs.fu-berlin.de\/dachadobeconnect\/2019\/02\/13\/rueckblick-auf-drittes-webinar-im-wise-2018-19\/","title":{"rendered":"R\u00fcckblick auf drittes Online-Seminar im WiSe 2018\/19"},"content":{"rendered":"<p>Als R\u00fcckblick auf unser drittes und damit letztes Online-Seminar des laufenden Wintersemester 2018\/19 m\u00f6chten wir die Pr\u00e4sentationsfolien der Referentinnen hier online zur Verf\u00fcgung stellen.<\/p>\n<p><a href=\"https:\/\/blogs.fu-berlin.de\/dachadobeconnect\/files\/2019\/02\/Pr\u00e4sentation_Webinar_Sprachtandemlernen-in-der-Japanologie_12.02.2019_final.pdf\" target=\"_blank\" rel=\"noopener noreferrer\">Pr\u00e4sentation, Online-Seminar 12.02.2019<\/a><\/p>\n<p>Wir werden die kommenden Monate daf\u00fcr nutzen, um unsere Planung f\u00fcr das kommende Sommersemester 2019 voranzutreiben. Sobald wir diesbez\u00fcgliche Neuigkeiten haben, werden wir sie hier ver\u00f6ffentlichen. Sollten Sie selbst Anregungen und Ideen f\u00fcr unsere Online-Seminare haben, k\u00f6nnen Sie uns gern \u00fcber unseren <a href=\"https:\/\/blogs.fu-berlin.de\/dachadobeconnect\/themenspeicher\/\">Themenspeicher<\/a> kontaktieren, oder Sie nutzen die Kommentarfunktion auf dieser Seite.<\/p>\n","protected":false},"excerpt":{"rendered":"<p>Als R\u00fcckblick auf unser drittes und damit letztes Online-Seminar des laufenden Wintersemester 2018\/19 m\u00f6chten wir die Pr\u00e4sentationsfolien der Referentinnen hier online zur Verf\u00fcgung stellen. Pr\u00e4sentation, Online-Seminar 12.02.2019 Wir werden die kommenden Monate daf\u00fcr nutzen, um unsere Planung f\u00fcr das kommende Sommersemester 2019 voranzutreiben. Sobald wir diesbez\u00fcgliche Neuigkeiten haben, werden wir sie hier ver\u00f6ffentlichen. Sollten Sie &hellip; <a href=\"https:\/\/blogs.fu-berlin.de\/dachadobeconnect\/2019\/02\/13\/rueckblick-auf-drittes-webinar-im-wise-2018-19\/\" class=\"more-link\">Continue reading<span class=\"screen-reader-text\"> &#8220;R\u00fcckblick auf drittes Online-Seminar im WiSe 2018\/19&#8221;<\/span><\/a><\/p>\n","protected":false},"author":2870,"featured_media":0,"comment_status":"open","ping_status":"open","sticky":false,"template":"","format":"standard","meta":{"footnotes":""},"categories":[39950],"tags":[56043],"class_list":["post-1223","post","type-post","status-publish","format-standard","hentry","category-rueckblick","tag-einsatzmoeglichkeiten"],"_links":{"self":[{"href":"https:\/\/blogs.fu-berlin.de\/dachadobeconnect\/wp-json\/wp\/v2\/posts\/1223","targetHints":{"allow":["GET"]}}],"collection":[{"href":"https:\/\/blogs.fu-berlin.de\/dachadobeconnect\/wp-json\/wp\/v2\/posts"}],"about":[{"href":"https:\/\/blogs.fu-berlin.de\/dachadobeconnect\/wp-json\/wp\/v2\/types\/post"}],"author":[{"embeddable":true,"href":"https:\/\/blogs.fu-berlin.de\/dachadobeconnect\/wp-json\/wp\/v2\/users\/2870"}],"replies":[{"embeddable":true,"href":"https:\/\/blogs.fu-berlin.de\/dachadobeconnect\/wp-json\/wp\/v2\/comments?post=1223"}],"version-history":[{"count":4,"href":"https:\/\/blogs.fu-berlin.de\/dachadobeconnect\/wp-json\/wp\/v2\/posts\/1223\/revisions"}],"predecessor-version":[{"id":1701,"href":"https:\/\/blogs.fu-berlin.de\/dachadobeconnect\/wp-json\/wp\/v2\/posts\/1223\/revisions\/1701"}],"wp:attachment":[{"href":"https:\/\/blogs.fu-berlin.de\/dachadobeconnect\/wp-json\/wp\/v2\/media?parent=1223"}],"wp:term":[{"taxonomy":"category","embeddable":true,"href":"https:\/\/blogs.fu-berlin.de\/dachadobeconnect\/wp-json\/wp\/v2\/categories?post=1223"},{"taxonomy":"post_tag","embeddable":true,"href":"https:\/\/blogs.fu-berlin.de\/dachadobeconnect\/wp-json\/wp\/v2\/tags?post=1223"}],"curies":[{"name":"wp","href":"https:\/\/api.w.org\/{rel}","templated":true}]}}