{"id":1236,"date":"2019-04-04T15:32:03","date_gmt":"2019-04-04T13:32:03","guid":{"rendered":"https:\/\/blogs.fu-berlin.de\/dachadobeconnect\/?p=1236"},"modified":"2020-10-23T16:06:27","modified_gmt":"2020-10-23T14:06:27","slug":"neue-webinar-reihe-im-sose-2019","status":"publish","type":"post","link":"https:\/\/blogs.fu-berlin.de\/dachadobeconnect\/2019\/04\/04\/neue-webinar-reihe-im-sose-2019\/","title":{"rendered":"Neue Online-Seminare im SoSe 2019"},"content":{"rendered":"<p>Auch im Sommersemester 2019 freuen wir uns als \u201eAdobe Connect DACH Nutzergruppe Forschung und Lehre\u201c auf drei interessante Online-Seminare zu verschiedenen Themen rund um Online-Lehre, Adobe Connect und entsprechende Einsatzm\u00f6glichkeiten.<\/p>\n<p>Am <strong>17. April 2019<\/strong> startet das erste Online-Seminar um <strong>15.30 Uhr<\/strong> zum Thema\u00a0\u201e<em>E-Learning ist out, es lebe die Online Pr\u00e4senzlehre! Erfahrungen mit einem (fast) lupenreinen Connect-Studiengang<\/em>\u201c. Referent ist Prof. Dr. Armin Pfannenschwarz von der DHBW Karlsruhe (<a href=\"https:\/\/www.karlsruhe.dhbw.de\/un\/ansprechpartner-innen.html\" target=\"_blank\" rel=\"noopener noreferrer\">https:\/\/www.karlsruhe.dhbw.de\/un\/ansprechpartner-innen.html<\/a>).<\/p>\n<p style=\"padding-left: 30px\">Die digitale Vernetzung, verstanden als Basisinnovation des 6. Kondratieff-Zyklus, revolutioniert derzeit alle Branchen und Wirtschaftszweige, und bietet die aktuell h\u00f6chsten Chancen eines massiven Produktivit\u00e4tsgewinns. Hochschulen versuchen ebenfalls, diese Chance zu nutzen, sei es \u00fcber MOOCs oder WBTs oder andere Digitalisierungsans\u00e4tze in der Lehre &#8211; allerdings genie\u00dft die gute, alte Pr\u00e4senzlehre bei vielen Studierenden immer noch die h\u00f6chste Wertsch\u00e4tzung.<\/p>\n<p style=\"padding-left: 30px\">Die Duale Hochschule Baden-W\u00fcrttemberg hat einen spezifischen Ansatz der &#8220;Online-Pr\u00e4senzlehre&#8221; entwickelt und wickelt einen kompletten Studiengang dar\u00fcber ab (<a href=\"http:\/\/www.studiengang-unternehmertum.de\/\">www.studiengang-unternehmertum.de<\/a>). Diese Methodik verbindet die Vorteile beider Welten und bietet insbesondere f\u00fcr berufsbegleitende Formate erhebliche Potenziale. Der Workshop erl\u00e4utert das Modell und die gesammelten Erfahrungen. Zu Wort kommen auch Absolventen des Studiengangs, die ihr gesamtes Bachelor-Studium auf diese Weise absolviert haben.<\/p>\n<p>Die weiteren Termine unserer Online-Seminare sind:<\/p>\n<p><strong>15. Mai 2019, 15.30 Uhr<\/strong> (Thema und Referent\/innen noch offen)<\/p>\n<p><strong>26. Juni 2019, 15.30 Uhr<\/strong><\/p>\n<p>Thema: \u201e<em>DFNconf vs. Adobe Connect<\/em>\u201d<\/p>\n<p>Referent\/innen: VCC Dresden<\/p>\n<p>Die Teilnahme an den Veranstaltungen ist wie immer kostenlos; eine Anmeldung ist nicht erforderlich.<\/p>\n<p>Wir freuen uns auf Ihre Teilnahme!<\/p>\n<p>Hier gehts zum Veranstaltungsraum: <a href=\"https:\/\/webconf.vc.dfn.de\/dachadobeconnect\/\" target=\"_blank\" rel=\"noopener noreferrer\">https:\/\/webconf.vc.dfn.de\/dachadobeconnect\/<\/a><\/p>\n<p>**************<\/p>\n<p>Die Termine im \u00dcberblick sind auch unter \u201e<a href=\"https:\/\/blogs.fu-berlin.de\/dachadobeconnect\/programm\/\">Programm<\/a>\u201c verf\u00fcgbar.<\/p>\n<p>Die Aufzeichnungen und Vortragsfolien der drei Online-Seminare finden Sier hier:<\/p>\n<p><a href=\"https:\/\/blogs.fu-berlin.de\/dachadobeconnect\/2019\/04\/23\/rueckblick-auf-erstes-webinar-im-sose-2019\/\">Online-Seminar 17.04.2019, Thema <em>&#8220;E-Learning ist out, es lebe die Online Pr\u00e4senzlehre! Erfahrungen mit einem (fast) lupenreinen Connect-Studiengang&#8221;<\/em><\/a><\/p>\n<p><a href=\"https:\/\/blogs.fu-berlin.de\/dachadobeconnect\/2019\/05\/16\/rueckblick-auf-zweites-webinar-im-sose-2019\/\">Online-Seminar 15.05.2019, Thema <em>&#8220;Audience Response Systems: Pingo und ARSnova\u201c<\/em><\/a><\/p>\n<p><a href=\"https:\/\/blogs.fu-berlin.de\/dachadobeconnect\/2019\/07\/02\/rueckblick-auf-drittes-webinar-im-sose-2019\/\">Online-Seminar 26.06.2019, Thema: <em>\u201eDFNconf vs. Adobe Connect\u201d<\/em><\/a><\/p>\n","protected":false},"excerpt":{"rendered":"<p>Auch im Sommersemester 2019 freuen wir uns als \u201eAdobe Connect DACH Nutzergruppe Forschung und Lehre\u201c auf drei interessante Online-Seminare zu verschiedenen Themen rund um Online-Lehre, Adobe Connect und entsprechende Einsatzm\u00f6glichkeiten. Am 17. April 2019 startet das erste Online-Seminar um 15.30 Uhr zum Thema\u00a0\u201eE-Learning ist out, es lebe die Online Pr\u00e4senzlehre! Erfahrungen mit einem (fast) lupenreinen &hellip; <a href=\"https:\/\/blogs.fu-berlin.de\/dachadobeconnect\/2019\/04\/04\/neue-webinar-reihe-im-sose-2019\/\" class=\"more-link\">Continue reading<span class=\"screen-reader-text\"> &#8220;Neue Online-Seminare im SoSe 2019&#8221;<\/span><\/a><\/p>\n","protected":false},"author":2870,"featured_media":0,"comment_status":"open","ping_status":"open","sticky":false,"template":"","format":"standard","meta":{"footnotes":""},"categories":[9],"tags":[],"class_list":["post-1236","post","type-post","status-publish","format-standard","hentry","category-allgemein"],"_links":{"self":[{"href":"https:\/\/blogs.fu-berlin.de\/dachadobeconnect\/wp-json\/wp\/v2\/posts\/1236","targetHints":{"allow":["GET"]}}],"collection":[{"href":"https:\/\/blogs.fu-berlin.de\/dachadobeconnect\/wp-json\/wp\/v2\/posts"}],"about":[{"href":"https:\/\/blogs.fu-berlin.de\/dachadobeconnect\/wp-json\/wp\/v2\/types\/post"}],"author":[{"embeddable":true,"href":"https:\/\/blogs.fu-berlin.de\/dachadobeconnect\/wp-json\/wp\/v2\/users\/2870"}],"replies":[{"embeddable":true,"href":"https:\/\/blogs.fu-berlin.de\/dachadobeconnect\/wp-json\/wp\/v2\/comments?post=1236"}],"version-history":[{"count":9,"href":"https:\/\/blogs.fu-berlin.de\/dachadobeconnect\/wp-json\/wp\/v2\/posts\/1236\/revisions"}],"predecessor-version":[{"id":1700,"href":"https:\/\/blogs.fu-berlin.de\/dachadobeconnect\/wp-json\/wp\/v2\/posts\/1236\/revisions\/1700"}],"wp:attachment":[{"href":"https:\/\/blogs.fu-berlin.de\/dachadobeconnect\/wp-json\/wp\/v2\/media?parent=1236"}],"wp:term":[{"taxonomy":"category","embeddable":true,"href":"https:\/\/blogs.fu-berlin.de\/dachadobeconnect\/wp-json\/wp\/v2\/categories?post=1236"},{"taxonomy":"post_tag","embeddable":true,"href":"https:\/\/blogs.fu-berlin.de\/dachadobeconnect\/wp-json\/wp\/v2\/tags?post=1236"}],"curies":[{"name":"wp","href":"https:\/\/api.w.org\/{rel}","templated":true}]}}