{"id":1251,"date":"2019-04-23T13:04:55","date_gmt":"2019-04-23T11:04:55","guid":{"rendered":"https:\/\/blogs.fu-berlin.de\/dachadobeconnect\/?p=1251"},"modified":"2020-10-23T16:05:17","modified_gmt":"2020-10-23T14:05:17","slug":"rueckblick-auf-erstes-webinar-im-sose-2019","status":"publish","type":"post","link":"https:\/\/blogs.fu-berlin.de\/dachadobeconnect\/2019\/04\/23\/rueckblick-auf-erstes-webinar-im-sose-2019\/","title":{"rendered":"R\u00fcckblick auf erstes Online-Seminar im SoSe 2019"},"content":{"rendered":"<p>Am 17.04.2019 fand unser erstes Online-Seminar der Sommersemesterreihe 2019 statt. Herr Prof. Pfannenscharz von der DHBW Karlsruhe gab unter dem Titel <strong>&#8220;E-Learning ist out, es lebe die Online Pr\u00e4senzlehre! Erfahrungen mit einem (fast) lupenreinen Connect-Studiengang&#8221;<\/strong> einen interessanten und interaktiven Einblick in seine Arbeit mit Adobe Connect. Nach einem kurzen Input-Vortrag von Herrn Prof. Pfannenschwarz \u00fcber den Studiengang &#8220;Unternehmertum&#8221; (<a href=\"https:\/\/blogs.fu-berlin.de\/dachadobeconnect\/files\/2019\/04\/UN-Online-Pr\u00e4sentationDACH-Nutzergruppe17.04.2019.pdf\">Download der Vortragsfolien<\/a>) und dessen Aufbau, kam ein Alumnus des Studiengangs (Manuel Laufer) zu Wort und berichtete \u00fcber seine Erfahrungen als Student. Herr Laufer unterstrich u. a. die flexible und zeitunabh\u00e4nigige Studierbarkeit, betonte aber gleichzeitig die\u00a0 erforderliche Selbstdisziplin, die seiner Meinung nach notwendig war, um sich als berufst\u00e4tiger Student mit Familie immer wieder erfolgreich in den Studiengang einbringen zu k\u00f6nnen.<\/p>\n<p>Danach wurde die Diskussionsrunde mit den anwesenden Teilnehmer\/innen er\u00f6ffnet. Da alle Mitwirkenden \u00fcber Moderationsrechte verf\u00fcgten, kam es zu zahlreichen R\u00fcckfragen an die beiden Referenten u.a. hinsichtlich der didaktischen Konzeption des Studiengangs, der Anzahl der w\u00f6chentlichen Online-Vorlesungen \u00fcber Adobe Connect sowie bez\u00fcglich der Erfolgsfaktoren des Studiengangs. Abgerundet wurde diese interaktive Phase durch eine kurze Gruppenarbeit in den Gruppenr\u00e4umen von Adobe Connect, in welcher die Teilnehmer\/innen vertieft sich \u00fcber die Inhalte des Online-Seminars austauschen konnten.<\/p>\n<p>***********<\/p>\n<p>Weitere Informationen zur Nutzung von Adobe Connect finden Sie auch im gemeinsamen Wiki unter: <a href=\"https:\/\/wiki.fernuni-hagen.de\/dachadobeconnect\/index.php\/Hauptseite\">https:\/\/wiki.fernuni-hagen.de\/dachadobeconnect\/index.php\/Hauptseite<\/a><\/p>\n","protected":false},"excerpt":{"rendered":"<p>Am 17.04.2019 fand unser erstes Online-Seminar der Sommersemesterreihe 2019 statt. Herr Prof. Pfannenscharz von der DHBW Karlsruhe gab unter dem Titel &#8220;E-Learning ist out, es lebe die Online Pr\u00e4senzlehre! Erfahrungen mit einem (fast) lupenreinen Connect-Studiengang&#8221; einen interessanten und interaktiven Einblick in seine Arbeit mit Adobe Connect. Nach einem kurzen Input-Vortrag von Herrn Prof. Pfannenschwarz \u00fcber &hellip; <a href=\"https:\/\/blogs.fu-berlin.de\/dachadobeconnect\/2019\/04\/23\/rueckblick-auf-erstes-webinar-im-sose-2019\/\" class=\"more-link\">Continue reading<span class=\"screen-reader-text\"> &#8220;R\u00fcckblick auf erstes Online-Seminar im SoSe 2019&#8221;<\/span><\/a><\/p>\n","protected":false},"author":2870,"featured_media":0,"comment_status":"open","ping_status":"open","sticky":false,"template":"","format":"standard","meta":{"footnotes":""},"categories":[39950],"tags":[56043,50440,56101,54862,10,51131],"class_list":["post-1251","post","type-post","status-publish","format-standard","hentry","category-rueckblick","tag-einsatzmoeglichkeiten","tag-gruppenraeume","tag-gruppensetting","tag-praxisbeispiele","tag-szenarien","tag-vorlesung"],"_links":{"self":[{"href":"https:\/\/blogs.fu-berlin.de\/dachadobeconnect\/wp-json\/wp\/v2\/posts\/1251","targetHints":{"allow":["GET"]}}],"collection":[{"href":"https:\/\/blogs.fu-berlin.de\/dachadobeconnect\/wp-json\/wp\/v2\/posts"}],"about":[{"href":"https:\/\/blogs.fu-berlin.de\/dachadobeconnect\/wp-json\/wp\/v2\/types\/post"}],"author":[{"embeddable":true,"href":"https:\/\/blogs.fu-berlin.de\/dachadobeconnect\/wp-json\/wp\/v2\/users\/2870"}],"replies":[{"embeddable":true,"href":"https:\/\/blogs.fu-berlin.de\/dachadobeconnect\/wp-json\/wp\/v2\/comments?post=1251"}],"version-history":[{"count":2,"href":"https:\/\/blogs.fu-berlin.de\/dachadobeconnect\/wp-json\/wp\/v2\/posts\/1251\/revisions"}],"predecessor-version":[{"id":1699,"href":"https:\/\/blogs.fu-berlin.de\/dachadobeconnect\/wp-json\/wp\/v2\/posts\/1251\/revisions\/1699"}],"wp:attachment":[{"href":"https:\/\/blogs.fu-berlin.de\/dachadobeconnect\/wp-json\/wp\/v2\/media?parent=1251"}],"wp:term":[{"taxonomy":"category","embeddable":true,"href":"https:\/\/blogs.fu-berlin.de\/dachadobeconnect\/wp-json\/wp\/v2\/categories?post=1251"},{"taxonomy":"post_tag","embeddable":true,"href":"https:\/\/blogs.fu-berlin.de\/dachadobeconnect\/wp-json\/wp\/v2\/tags?post=1251"}],"curies":[{"name":"wp","href":"https:\/\/api.w.org\/{rel}","templated":true}]}}