{"id":1397,"date":"2019-11-04T10:46:07","date_gmt":"2019-11-04T08:46:07","guid":{"rendered":"https:\/\/blogs.fu-berlin.de\/dachadobeconnect\/?p=1397"},"modified":"2020-10-23T16:01:27","modified_gmt":"2020-10-23T14:01:27","slug":"neue-webinar-reihe-im-wise-2019-20","status":"publish","type":"post","link":"https:\/\/blogs.fu-berlin.de\/dachadobeconnect\/2019\/11\/04\/neue-webinar-reihe-im-wise-2019-20\/","title":{"rendered":"Neue Online-Seminare im WiSe 2019\/20"},"content":{"rendered":"<p>In diesem Wintersemester 2019\/20 stehen unsere drei Online-Seminare unter dem Thema &#8220;<em>Praxisbeispiele mit Adobe Connect&#8221;. <\/em>Dabei decken die Online-Seminare verschiedenste Aspekte ab und zeigen die vielf\u00e4ltigen Einsatzm\u00f6glichkeiten.<\/p>\n<p>Am <strong>04. Dezember 2019<\/strong> starten wir um <strong>15.30 Uhr<\/strong> mit dem ersten Online-Seminar zum Thema &#8220;<em>Adobe Connect in der internen Fortbildung<\/em>&#8220;. Referent is Alexander Sperl von Koordinationsstelle f\u00fcr E-Learning und Bildungstechnologien an der\u00a0 FernUniversit\u00e4t in Hagen (<a href=\"https:\/\/ekoo.fernuni-hagen.de\/team\/\" target=\"_blank\" rel=\"noopener noreferrer\">https:\/\/ekoo.fernuni-hagen.de\/team\/)<\/a>.<\/p>\n<p>Im neuen Jahr findet unser zweites Online-Seminar am <strong>15. Januar 2020<\/strong> um <strong>15.30 Uhr <\/strong>statt. Dabei fokussieren die drei Referentinnen der Technischen Hochschule Mittelhessen (Prof. Silke Bock, Katharina Th\u00fclen, Dr. Karin Riedhammer)\u00a0 das Thema &#8220;<em>Die Adobe Connect-Online-Einheiten \u2013 ein zentraler Baustein im Blended Learning-Konzept des Studienganges MEDIAN_HE&#8221;. <\/em><\/p>\n<p>Abgeschlossen wird unsere Reihe mit dem dritten Online-Seminar am <strong>12. Februar 2020<\/strong> um <strong>15.30 Uhr.<\/strong>\u00a0Referent David Lohner vom Karlsruher Institut f\u00fcr Technologie (KIT) wird \u00fcber das Thema &#8220;<em>Standort\u00fcbergreifende Lehre mit Adobe Connect: Das Seminar L2D2<\/em>&#8221; berichten.<\/p>\n<p>Die Termine im \u00dcberblick sind auch unter \u201e<a href=\"https:\/\/blogs.fu-berlin.de\/dachadobeconnect\/programm\/\">Programm<\/a>\u201c verf\u00fcgbar.<\/p>\n<p>Die Teilnahme an den Veranstaltungen ist wie immer kostenlos; eine Anmeldung ist nicht erforderlich.<\/p>\n<p>Wir freuen uns auf Ihre Teilnahme!<\/p>\n<p>Hier gehts zum Veranstaltungsraum: <a href=\"https:\/\/webconf.vc.dfn.de\/dachadobeconnect\/\" target=\"_blank\" rel=\"noopener noreferrer\">https:\/\/webconf.vc.dfn.de\/dachadobeconnect\/<\/a><\/p>\n<p>Die Aufzeichnungen der drei Online-Seminare finden Sie hier:<\/p>\n<p><a href=\"https:\/\/blogs.fu-berlin.de\/dachadobeconnect\/2019\/12\/04\/rueckblick-auf-erstes-webinar-im-wise2019-20\/\">Aufzeichnung Online-Seminar 04.12.2019, Thema <em>&#8220;Adobe Connect in der internen Fortbildung&#8221;<\/em><\/a><\/p>\n<p><a href=\"https:\/\/blogs.fu-berlin.de\/dachadobeconnect\/2020\/01\/16\/rueckblick-auf-zweites-webinar-im-wise2019-20\/\">Aufzeichnung Online-Seminar 15.01.2020, Thema &#8220;<em>Die Adobe Connect-Online-Einheiten \u2013 ein zentraler Baustein im Blended Learning-Konzept des Studienganges MEDIAN_HE<\/em>&#8220;<\/a><\/p>\n<p><a href=\"https:\/\/blogs.fu-berlin.de\/dachadobeconnect\/2020\/02\/12\/rueckblick-auf-drittes-webinar-im-wise2019-20\/\">Aufzeichnung Online-Seminar 12.02.2020, Thema <em>&#8220;Standort\u00fcbergreifende Lehre mit Adobe Connect: Das Seminar L2D2&#8221;<\/em><\/a><\/p>\n","protected":false},"excerpt":{"rendered":"<p>In diesem Wintersemester 2019\/20 stehen unsere drei Online-Seminare unter dem Thema &#8220;Praxisbeispiele mit Adobe Connect&#8221;. Dabei decken die Online-Seminare verschiedenste Aspekte ab und zeigen die vielf\u00e4ltigen Einsatzm\u00f6glichkeiten. Am 04. Dezember 2019 starten wir um 15.30 Uhr mit dem ersten Online-Seminar zum Thema &#8220;Adobe Connect in der internen Fortbildung&#8220;. Referent is Alexander Sperl von Koordinationsstelle f\u00fcr &hellip; <a href=\"https:\/\/blogs.fu-berlin.de\/dachadobeconnect\/2019\/11\/04\/neue-webinar-reihe-im-wise-2019-20\/\" class=\"more-link\">Continue reading<span class=\"screen-reader-text\"> &#8220;Neue Online-Seminare im WiSe 2019\/20&#8221;<\/span><\/a><\/p>\n","protected":false},"author":2870,"featured_media":0,"comment_status":"open","ping_status":"open","sticky":false,"template":"","format":"standard","meta":{"footnotes":""},"categories":[9],"tags":[54862],"class_list":["post-1397","post","type-post","status-publish","format-standard","hentry","category-allgemein","tag-praxisbeispiele"],"_links":{"self":[{"href":"https:\/\/blogs.fu-berlin.de\/dachadobeconnect\/wp-json\/wp\/v2\/posts\/1397","targetHints":{"allow":["GET"]}}],"collection":[{"href":"https:\/\/blogs.fu-berlin.de\/dachadobeconnect\/wp-json\/wp\/v2\/posts"}],"about":[{"href":"https:\/\/blogs.fu-berlin.de\/dachadobeconnect\/wp-json\/wp\/v2\/types\/post"}],"author":[{"embeddable":true,"href":"https:\/\/blogs.fu-berlin.de\/dachadobeconnect\/wp-json\/wp\/v2\/users\/2870"}],"replies":[{"embeddable":true,"href":"https:\/\/blogs.fu-berlin.de\/dachadobeconnect\/wp-json\/wp\/v2\/comments?post=1397"}],"version-history":[{"count":7,"href":"https:\/\/blogs.fu-berlin.de\/dachadobeconnect\/wp-json\/wp\/v2\/posts\/1397\/revisions"}],"predecessor-version":[{"id":1692,"href":"https:\/\/blogs.fu-berlin.de\/dachadobeconnect\/wp-json\/wp\/v2\/posts\/1397\/revisions\/1692"}],"wp:attachment":[{"href":"https:\/\/blogs.fu-berlin.de\/dachadobeconnect\/wp-json\/wp\/v2\/media?parent=1397"}],"wp:term":[{"taxonomy":"category","embeddable":true,"href":"https:\/\/blogs.fu-berlin.de\/dachadobeconnect\/wp-json\/wp\/v2\/categories?post=1397"},{"taxonomy":"post_tag","embeddable":true,"href":"https:\/\/blogs.fu-berlin.de\/dachadobeconnect\/wp-json\/wp\/v2\/tags?post=1397"}],"curies":[{"name":"wp","href":"https:\/\/api.w.org\/{rel}","templated":true}]}}