{"id":1423,"date":"2020-01-09T22:26:25","date_gmt":"2020-01-09T20:26:25","guid":{"rendered":"https:\/\/blogs.fu-berlin.de\/dachadobeconnect\/?p=1423"},"modified":"2020-10-23T15:58:43","modified_gmt":"2020-10-23T13:58:43","slug":"zweites-webinar-im-wise-2019-20-am-15-01-2020","status":"publish","type":"post","link":"https:\/\/blogs.fu-berlin.de\/dachadobeconnect\/2020\/01\/09\/zweites-webinar-im-wise-2019-20-am-15-01-2020\/","title":{"rendered":"Zweites Online-Seminar im WiSe 2019\/20 am 15.01.2020"},"content":{"rendered":"<h3>Mittwoch, 15. Januar 2020, 15.30 &#8211; 16.30 Uhr<\/h3>\n<p><strong>\u201eDie Adobe Connect-Online-Einheiten &#8211; ein zentraler Baustein im Blended Learning-Konzept des Studienganges MEDIAN_HE\u201d<\/strong><\/p>\n<p>Der Studiengang \u201e<a href=\"https:\/\/www.thm.de\/muk\/studium\/master\/median-he.html\" target=\"_blank\" rel=\"noopener noreferrer\">Methoden und Didaktik in angewandten Wissenschaften_Higher Education (M.A.)<\/a>\u201c an der Technischen Hochschule Mittelhessen (THM) richtet sich an Personen, die nach einem ersten Hochschulabschluss eine fundierte Professionalisierung ihrer Lehrkompetenz anstreben und an Fragestellungen des terti\u00e4ren Bildungsbereichs bzw. des lebenslangen Lernens interessiert sind.<\/p>\n<p>Die Adobe Connect-Online-Einheiten wurden konzipiert, um den \u2013 teilweise berufsbegleitend \u2013 Studierenden aus ganz Deutschland ortsunabh\u00e4ngigen Zugang zu einem Teil der Studieninnhalte und einem Austausch mit internationalen Fachleuten zu erm\u00f6glichen. Die neutrale Bezeichnung \u201eOnline-Einheit\u201c ist bewusst gew\u00e4hlt und steht f\u00fcr ganz unterschiedliche Themen und Konzepte, die in diesem Rahmen flexibel umgesetzt werden. So wird eine Online-Einheit nicht als festgelegter Typ \u201eLehrveranstaltung\u201c verstanden, sondern vielmehr als ein digitaler (Lern-)Raum.<\/p>\n<p>Die Besonderheit der Online-Einheiten liegt darin, dass sich im Verlauf des Semesters die Rollen der Studierenden und Lehrenden schrittweise ver\u00e4ndern bzw. ausgetauscht werden, wobei diese Entwicklung anhand des Cognitive Apprenticeship Ansatz nach Collins, Brown &amp; Newman (1989) angeleitet wird und sich zugleich am F\u00fcnf-Phasenmodell des Lernens im Virtuellen Raum nach Gilly Salmon (2000) orientiert.<\/p>\n<p>Im Online-Seminar wollen wir das Konzept der Online-Einheiten vorstellen (Input-Pr\u00e4sentation), die bisher gemachten Erfahrungen teilen, Ihre eigenen Erfahrungen erfragen und mit Ihnen \u00fcber eine m\u00f6gliche Weiterentwicklung, etwa durch Umsetzung in alternativen Anwendungsszenarien andiskutieren.<\/p>\n<p><strong>Referentinnen:<\/strong><\/p>\n<p><strong>Prof. Silke Bock<\/strong> (Studiengangsverantwortliche) und <strong>Katharina Th\u00fclen<\/strong> B.Eng., M.H.Edu. (Studiengangskoordinatiorin), beide Fachbereich Management &amp; Kommunikation der THM<\/p>\n<p><strong>Dr. Karin Riedhammer<\/strong>, Zentrum f\u00fcr kooperatives Lehren und Lernen | E-Learning der THM.<\/p>\n<p>*****<\/p>\n<p>Alle interessierten Kolleginnen und Kollegen sind herzlich eingeladen. Die Teilnahme ist wie immer kostenfrei.<\/p>\n<p>Weitere Informationen finden Sie auch unter <a href=\"https:\/\/blogs.fu-berlin.de\/dachadobeconnect\/programm\/\">Programm<\/a>.<\/p>\n<p>Link zum Online-Raum: <a href=\"https:\/\/webconf.vc.dfn.de\/dachadobeconnect\/\" target=\"_blank\" rel=\"noopener noreferrer\">https:\/\/webconf.vc.dfn.de\/dachadobeconnect\/<\/a><\/p>\n<p>Die Aufzeichnung finden Sie unter &#8220;<a href=\"https:\/\/blogs.fu-berlin.de\/dachadobeconnect\/2020\/01\/16\/rueckblick-auf-zweites-webinar-im-wise2019-20\/\">Aufzeichnung Online-Seminar 15.01.2020<\/a>&#8221; und in unserer Rubrik <a href=\"https:\/\/blogs.fu-berlin.de\/dachadobeconnect\/category\/rueckblick\/\">R\u00fcckblick<\/a>.<\/p>\n","protected":false},"excerpt":{"rendered":"<p>Mittwoch, 15. Januar 2020, 15.30 &#8211; 16.30 Uhr \u201eDie Adobe Connect-Online-Einheiten &#8211; ein zentraler Baustein im Blended Learning-Konzept des Studienganges MEDIAN_HE\u201d Der Studiengang \u201eMethoden und Didaktik in angewandten Wissenschaften_Higher Education (M.A.)\u201c an der Technischen Hochschule Mittelhessen (THM) richtet sich an Personen, die nach einem ersten Hochschulabschluss eine fundierte Professionalisierung ihrer Lehrkompetenz anstreben und an Fragestellungen &hellip; <a href=\"https:\/\/blogs.fu-berlin.de\/dachadobeconnect\/2020\/01\/09\/zweites-webinar-im-wise-2019-20-am-15-01-2020\/\" class=\"more-link\">Continue reading<span class=\"screen-reader-text\"> &#8220;Zweites Online-Seminar im WiSe 2019\/20 am 15.01.2020&#8221;<\/span><\/a><\/p>\n","protected":false},"author":2870,"featured_media":0,"comment_status":"open","ping_status":"open","sticky":false,"template":"","format":"standard","meta":{"footnotes":""},"categories":[9],"tags":[54862],"class_list":["post-1423","post","type-post","status-publish","format-standard","hentry","category-allgemein","tag-praxisbeispiele"],"_links":{"self":[{"href":"https:\/\/blogs.fu-berlin.de\/dachadobeconnect\/wp-json\/wp\/v2\/posts\/1423","targetHints":{"allow":["GET"]}}],"collection":[{"href":"https:\/\/blogs.fu-berlin.de\/dachadobeconnect\/wp-json\/wp\/v2\/posts"}],"about":[{"href":"https:\/\/blogs.fu-berlin.de\/dachadobeconnect\/wp-json\/wp\/v2\/types\/post"}],"author":[{"embeddable":true,"href":"https:\/\/blogs.fu-berlin.de\/dachadobeconnect\/wp-json\/wp\/v2\/users\/2870"}],"replies":[{"embeddable":true,"href":"https:\/\/blogs.fu-berlin.de\/dachadobeconnect\/wp-json\/wp\/v2\/comments?post=1423"}],"version-history":[{"count":5,"href":"https:\/\/blogs.fu-berlin.de\/dachadobeconnect\/wp-json\/wp\/v2\/posts\/1423\/revisions"}],"predecessor-version":[{"id":1689,"href":"https:\/\/blogs.fu-berlin.de\/dachadobeconnect\/wp-json\/wp\/v2\/posts\/1423\/revisions\/1689"}],"wp:attachment":[{"href":"https:\/\/blogs.fu-berlin.de\/dachadobeconnect\/wp-json\/wp\/v2\/media?parent=1423"}],"wp:term":[{"taxonomy":"category","embeddable":true,"href":"https:\/\/blogs.fu-berlin.de\/dachadobeconnect\/wp-json\/wp\/v2\/categories?post=1423"},{"taxonomy":"post_tag","embeddable":true,"href":"https:\/\/blogs.fu-berlin.de\/dachadobeconnect\/wp-json\/wp\/v2\/tags?post=1423"}],"curies":[{"name":"wp","href":"https:\/\/api.w.org\/{rel}","templated":true}]}}