{"id":1445,"date":"2020-02-03T11:16:37","date_gmt":"2020-02-03T09:16:37","guid":{"rendered":"https:\/\/blogs.fu-berlin.de\/dachadobeconnect\/?p=1445"},"modified":"2020-10-23T15:57:35","modified_gmt":"2020-10-23T13:57:35","slug":"drittes-webinar-im-wise-2019-20-am-12-02-2020","status":"publish","type":"post","link":"https:\/\/blogs.fu-berlin.de\/dachadobeconnect\/2020\/02\/03\/drittes-webinar-im-wise-2019-20-am-12-02-2020\/","title":{"rendered":"Drittes Online-Seminar im WiSe 2019\/20 am 12.02.2020"},"content":{"rendered":"<h3>Mittwoch, 12. Februar 2020, 15.30 &#8211; 16.30 Uhr<\/h3>\n<p><strong>\u201e<em>Standort\u00fcbergreifende Lehre mit Adobe Connect: Das Seminar L2D2<\/em>\u201d<\/strong><\/p>\n<p><a href=\"https:\/\/blogs.fu-berlin.de\/dachadobeconnect\/files\/2020\/01\/bild2.png\"><img loading=\"lazy\" decoding=\"async\" class=\"wp-image-1446 size-medium alignnone\" src=\"https:\/\/blogs.fu-berlin.de\/dachadobeconnect\/files\/2020\/01\/bild2-300x150.png\" alt=\"\" width=\"300\" height=\"150\" srcset=\"https:\/\/blogs.fu-berlin.de\/dachadobeconnect\/files\/2020\/01\/bild2-300x150.png 300w, https:\/\/blogs.fu-berlin.de\/dachadobeconnect\/files\/2020\/01\/bild2-768x384.png 768w, https:\/\/blogs.fu-berlin.de\/dachadobeconnect\/files\/2020\/01\/bild2.png 1024w\" sizes=\"auto, (max-width: 300px) 85vw, 300px\" \/><\/a><\/p>\n<p>W\u00e4hrend Digitalisierung den Leitmedienwechsel vom Buch zum Computer beschreibt, charakterisiert Digitalit\u00e4t die damit einhergehenden gesellschaftlichen Ver\u00e4nderungen.\u00a0 Im Bildungskontext betreffen diese sowohl die Ebenen des Wissenserwerbs und der Information als auch die Ebenen der Kommunikation, Kollaboration und der Enkulturation.<\/p>\n<p>Um der mit der Digitalisierung und Digitalit\u00e4t einhergehenden digitalen Transformation nicht nur inhaltlich, sondern auch konzeptionell zu entsprechen, haben sich vier Hochschulen f\u00fcr das Wintersemester 2019\/2020 zu einem gemeinsamen Lehrexperiment zusammengeschlossen: Zeitgleich bieten die beteiligten Institutionen das Seminar \u201c#L2D2 \u2013 Lehren und Lernen unter den Bedingungen der Digitalisierung und Digitalit\u00e4t\u201d an. Konzeptioneller Kern ist die Vernetzung aller Beteiligten: Jeder Standort \u00fcbernimmt federf\u00fchrend ein Schwerpunktthema. Um sich \u00fcber Fragestellungen aus den unterschiedlichen fachlichen Disziplinen interdisziplin\u00e4r austauschen zu k\u00f6nnen, kommunizieren und kollaborieren alle Teilnehmenden \u00fcber Social Media, <strong>Adobe Connect Webkonferenzen<\/strong>, File-Sharing-Dienste etc.<\/p>\n<p><strong>Referenten:<\/strong><\/p>\n<figure id=\"attachment_1447\" aria-describedby=\"caption-attachment-1447\" style=\"width: 150px\" class=\"wp-caption alignleft\"><a href=\"https:\/\/blogs.fu-berlin.de\/dachadobeconnect\/files\/2020\/01\/david_lohner.png\"><img loading=\"lazy\" decoding=\"async\" class=\"wp-image-1447 size-thumbnail\" src=\"https:\/\/blogs.fu-berlin.de\/dachadobeconnect\/files\/2020\/01\/david_lohner-150x150.png\" alt=\"\" width=\"150\" height=\"150\" srcset=\"https:\/\/blogs.fu-berlin.de\/dachadobeconnect\/files\/2020\/01\/david_lohner-150x150.png 150w, https:\/\/blogs.fu-berlin.de\/dachadobeconnect\/files\/2020\/01\/david_lohner-300x300.png 300w, https:\/\/blogs.fu-berlin.de\/dachadobeconnect\/files\/2020\/01\/david_lohner-768x768.png 768w, https:\/\/blogs.fu-berlin.de\/dachadobeconnect\/files\/2020\/01\/david_lohner.png 1024w\" sizes=\"auto, (max-width: 150px) 85vw, 150px\" \/><\/a><figcaption id=\"caption-attachment-1447\" class=\"wp-caption-text\">David Lohner (Karlsruher Institut f\u00fcr Technologie (KIT))<\/figcaption><\/figure>\n<figure id=\"attachment_1448\" aria-describedby=\"caption-attachment-1448\" style=\"width: 150px\" class=\"wp-caption alignleft\"><a href=\"https:\/\/blogs.fu-berlin.de\/dachadobeconnect\/files\/2020\/01\/torben_mau.png\"><img loading=\"lazy\" decoding=\"async\" class=\"wp-image-1448 size-thumbnail\" src=\"https:\/\/blogs.fu-berlin.de\/dachadobeconnect\/files\/2020\/01\/torben_mau-150x150.png\" alt=\"\" width=\"150\" height=\"150\" srcset=\"https:\/\/blogs.fu-berlin.de\/dachadobeconnect\/files\/2020\/01\/torben_mau-150x150.png 150w, https:\/\/blogs.fu-berlin.de\/dachadobeconnect\/files\/2020\/01\/torben_mau-300x300.png 300w, https:\/\/blogs.fu-berlin.de\/dachadobeconnect\/files\/2020\/01\/torben_mau-768x768.png 768w, https:\/\/blogs.fu-berlin.de\/dachadobeconnect\/files\/2020\/01\/torben_mau.png 1024w\" sizes=\"auto, (max-width: 150px) 85vw, 150px\" \/><\/a><figcaption id=\"caption-attachment-1448\" class=\"wp-caption-text\">Torben Mau (Universit\u00e4t G\u00f6ttingen)<\/figcaption><\/figure>\n<p>&nbsp;<\/p>\n<p>&nbsp;<\/p>\n<p>&nbsp;<\/p>\n<p>&nbsp;<\/p>\n<p>&nbsp;<\/p>\n<p>&nbsp;<\/p>\n<p>Alle interessierten Kolleginnen und Kollegen sind herzlich eingeladen. Die Teilnahme ist wie immer kostenfrei.<\/p>\n<p>Weitere Informationen finden Sie auch unter <a href=\"https:\/\/blogs.fu-berlin.de\/dachadobeconnect\/programm\/\">Programm<\/a>.<\/p>\n<p>Link zum Online-Raum: <a href=\"https:\/\/webconf.vc.dfn.de\/dachadobeconnect\/\" target=\"_blank\" rel=\"noopener noreferrer\">https:\/\/webconf.vc.dfn.de\/dachadobeconnect\/<\/a><\/p>\n<p>Die Aufzeichnung finden Sie hier unter &#8220;<a href=\"https:\/\/blogs.fu-berlin.de\/dachadobeconnect\/2020\/02\/12\/rueckblick-auf-drittes-webinar-im-wise2019-20\/\">Aufzeichnung Online-Seminar 12.02.2020<\/a>&#8221; und in unserer Rubrik <a href=\"https:\/\/blogs.fu-berlin.de\/dachadobeconnect\/category\/rueckblick\/\">R\u00fcckblick<\/a>.<\/p>\n","protected":false},"excerpt":{"rendered":"<p>Mittwoch, 12. Februar 2020, 15.30 &#8211; 16.30 Uhr \u201eStandort\u00fcbergreifende Lehre mit Adobe Connect: Das Seminar L2D2\u201d W\u00e4hrend Digitalisierung den Leitmedienwechsel vom Buch zum Computer beschreibt, charakterisiert Digitalit\u00e4t die damit einhergehenden gesellschaftlichen Ver\u00e4nderungen.\u00a0 Im Bildungskontext betreffen diese sowohl die Ebenen des Wissenserwerbs und der Information als auch die Ebenen der Kommunikation, Kollaboration und der Enkulturation. Um &hellip; <a href=\"https:\/\/blogs.fu-berlin.de\/dachadobeconnect\/2020\/02\/03\/drittes-webinar-im-wise-2019-20-am-12-02-2020\/\" class=\"more-link\">Continue reading<span class=\"screen-reader-text\"> &#8220;Drittes Online-Seminar im WiSe 2019\/20 am 12.02.2020&#8221;<\/span><\/a><\/p>\n","protected":false},"author":2870,"featured_media":0,"comment_status":"open","ping_status":"open","sticky":false,"template":"","format":"standard","meta":{"footnotes":""},"categories":[9],"tags":[54862],"class_list":["post-1445","post","type-post","status-publish","format-standard","hentry","category-allgemein","tag-praxisbeispiele"],"_links":{"self":[{"href":"https:\/\/blogs.fu-berlin.de\/dachadobeconnect\/wp-json\/wp\/v2\/posts\/1445","targetHints":{"allow":["GET"]}}],"collection":[{"href":"https:\/\/blogs.fu-berlin.de\/dachadobeconnect\/wp-json\/wp\/v2\/posts"}],"about":[{"href":"https:\/\/blogs.fu-berlin.de\/dachadobeconnect\/wp-json\/wp\/v2\/types\/post"}],"author":[{"embeddable":true,"href":"https:\/\/blogs.fu-berlin.de\/dachadobeconnect\/wp-json\/wp\/v2\/users\/2870"}],"replies":[{"embeddable":true,"href":"https:\/\/blogs.fu-berlin.de\/dachadobeconnect\/wp-json\/wp\/v2\/comments?post=1445"}],"version-history":[{"count":15,"href":"https:\/\/blogs.fu-berlin.de\/dachadobeconnect\/wp-json\/wp\/v2\/posts\/1445\/revisions"}],"predecessor-version":[{"id":1687,"href":"https:\/\/blogs.fu-berlin.de\/dachadobeconnect\/wp-json\/wp\/v2\/posts\/1445\/revisions\/1687"}],"wp:attachment":[{"href":"https:\/\/blogs.fu-berlin.de\/dachadobeconnect\/wp-json\/wp\/v2\/media?parent=1445"}],"wp:term":[{"taxonomy":"category","embeddable":true,"href":"https:\/\/blogs.fu-berlin.de\/dachadobeconnect\/wp-json\/wp\/v2\/categories?post=1445"},{"taxonomy":"post_tag","embeddable":true,"href":"https:\/\/blogs.fu-berlin.de\/dachadobeconnect\/wp-json\/wp\/v2\/tags?post=1445"}],"curies":[{"name":"wp","href":"https:\/\/api.w.org\/{rel}","templated":true}]}}