{"id":1528,"date":"2020-05-28T12:12:58","date_gmt":"2020-05-28T10:12:58","guid":{"rendered":"https:\/\/blogs.fu-berlin.de\/dachadobeconnect\/?p=1528"},"modified":"2020-06-29T15:04:50","modified_gmt":"2020-06-29T13:04:50","slug":"rueckblick-auf-erstes-webinar-im-sose-2020","status":"publish","type":"post","link":"https:\/\/blogs.fu-berlin.de\/dachadobeconnect\/2020\/05\/28\/rueckblick-auf-erstes-webinar-im-sose-2020\/","title":{"rendered":"R\u00fcckblick auf erstes Online-Seminar im SoSe 2020"},"content":{"rendered":"<p>Der R\u00fcckblick auf das erste Online-Seminar im Sommersemester 2020 am 27.05.2020 mit Dr. Tatjana Spaeth vom Zentrum f\u00fcr Lehrentwicklung \u2013 Abteilung E-Learning der Universit\u00e4t Ulm (Thema: <strong>Rechtsfragen im eLearning<\/strong>) und die entsprechenden Folien sind nun online.<\/p>\n<p><a href=\"https:\/\/blogs.fu-berlin.de\/dachadobeconnect\/files\/2020\/05\/screenshot.png\"><img loading=\"lazy\" decoding=\"async\" class=\"wp-image-1529 size-medium alignnone\" src=\"https:\/\/blogs.fu-berlin.de\/dachadobeconnect\/files\/2020\/05\/screenshot-300x208.png\" alt=\"\" width=\"300\" height=\"208\" srcset=\"https:\/\/blogs.fu-berlin.de\/dachadobeconnect\/files\/2020\/05\/screenshot-300x208.png 300w, https:\/\/blogs.fu-berlin.de\/dachadobeconnect\/files\/2020\/05\/screenshot-768x533.png 768w, https:\/\/blogs.fu-berlin.de\/dachadobeconnect\/files\/2020\/05\/screenshot-1024x710.png 1024w, https:\/\/blogs.fu-berlin.de\/dachadobeconnect\/files\/2020\/05\/screenshot.png 1035w\" sizes=\"auto, (max-width: 300px) 85vw, 300px\" \/><\/a><\/p>\n<p>Die Aufzeichnung finden Sie <a href=\"https:\/\/connect.fernuni-hagen.de\/px6yj7it7b5b\/\" target=\"_blank\" rel=\"noopener noreferrer\">hier.<\/a><\/p>\n<p>Die Folien finden Sie\u00a0<a href=\"https:\/\/blogs.fu-berlin.de\/dachadobeconnect\/files\/2020\/05\/200527rechtsfragen-kurzschulung-acdach.pdf\">hier. <\/a><\/p>\n","protected":false},"excerpt":{"rendered":"<p>Der R\u00fcckblick auf das erste Online-Seminar im Sommersemester 2020 am 27.05.2020 mit Dr. Tatjana Spaeth vom Zentrum f\u00fcr Lehrentwicklung \u2013 Abteilung E-Learning der Universit\u00e4t Ulm (Thema: Rechtsfragen im eLearning) und die entsprechenden Folien sind nun online. Die Aufzeichnung finden Sie hier. Die Folien finden Sie\u00a0hier.<\/p>\n","protected":false},"author":2870,"featured_media":0,"comment_status":"open","ping_status":"open","sticky":false,"template":"","format":"standard","meta":{"footnotes":""},"categories":[39950],"tags":[218408,95,127],"class_list":["post-1528","post","type-post","status-publish","format-standard","hentry","category-rueckblick","tag-dsgvo","tag-rechtsfragen","tag-urheberrecht"],"_links":{"self":[{"href":"https:\/\/blogs.fu-berlin.de\/dachadobeconnect\/wp-json\/wp\/v2\/posts\/1528","targetHints":{"allow":["GET"]}}],"collection":[{"href":"https:\/\/blogs.fu-berlin.de\/dachadobeconnect\/wp-json\/wp\/v2\/posts"}],"about":[{"href":"https:\/\/blogs.fu-berlin.de\/dachadobeconnect\/wp-json\/wp\/v2\/types\/post"}],"author":[{"embeddable":true,"href":"https:\/\/blogs.fu-berlin.de\/dachadobeconnect\/wp-json\/wp\/v2\/users\/2870"}],"replies":[{"embeddable":true,"href":"https:\/\/blogs.fu-berlin.de\/dachadobeconnect\/wp-json\/wp\/v2\/comments?post=1528"}],"version-history":[{"count":3,"href":"https:\/\/blogs.fu-berlin.de\/dachadobeconnect\/wp-json\/wp\/v2\/posts\/1528\/revisions"}],"predecessor-version":[{"id":1553,"href":"https:\/\/blogs.fu-berlin.de\/dachadobeconnect\/wp-json\/wp\/v2\/posts\/1528\/revisions\/1553"}],"wp:attachment":[{"href":"https:\/\/blogs.fu-berlin.de\/dachadobeconnect\/wp-json\/wp\/v2\/media?parent=1528"}],"wp:term":[{"taxonomy":"category","embeddable":true,"href":"https:\/\/blogs.fu-berlin.de\/dachadobeconnect\/wp-json\/wp\/v2\/categories?post=1528"},{"taxonomy":"post_tag","embeddable":true,"href":"https:\/\/blogs.fu-berlin.de\/dachadobeconnect\/wp-json\/wp\/v2\/tags?post=1528"}],"curies":[{"name":"wp","href":"https:\/\/api.w.org\/{rel}","templated":true}]}}