{"id":1536,"date":"2020-06-24T11:17:24","date_gmt":"2020-06-24T09:17:24","guid":{"rendered":"https:\/\/blogs.fu-berlin.de\/dachadobeconnect\/?p=1536"},"modified":"2020-10-23T15:55:26","modified_gmt":"2020-10-23T13:55:26","slug":"zweites-webinar-im-sose-2020-am-01-07-2020","status":"publish","type":"post","link":"https:\/\/blogs.fu-berlin.de\/dachadobeconnect\/2020\/06\/24\/zweites-webinar-im-sose-2020-am-01-07-2020\/","title":{"rendered":"Zweites Online-Seminar im SoSe 2020 am 01.07.2020"},"content":{"rendered":"\n<h3 class=\"wp-block-heading\">Mittwoch, 01. Juli 2020, 15.30 \u2013 16.30 Uhr<\/h3>\n\n\n\n<p><strong>\u201eLernvideos? Do-it-yourself in der VBOX!\u201d<\/strong><\/p>\n\n\n\n<p>Die VBOX ist eine schallged\u00e4mmte Studiokabine, die mit professioneller Audio- und Videotechnik ausgestattet ist und an der Universit\u00e4t G\u00f6ttingen zur Verf\u00fcgung steht. In diesem Online-Seminar wird erl\u00e4utert, wie die Universit\u00e4t G\u00f6ttingen auf die Idee kam, die VBOX zu erwerben; welche Nutzungsszenarien, einschlie\u00dflich der Nutzung von Adobe Connect, angestrebt wurden; welche technische Ausstattung in der VBOX zur Verf\u00fcgung steht und welche Nutzungsszenarien bisher erfolgreich in der VBOX eingesetzt wurden.<\/p>\n\n\n\n<p><strong>Referentin:<\/strong> <strong>Dr. Damla Yildirim,<\/strong> E-Learning-Service-Team, Universit\u00e4t G\u00f6ttingen (<a href=\"https:\/\/www.uni-goettingen.de\/de\/125718.html\">https:\/\/www.uni-goettingen.de\/de\/125718.html<\/a>)<\/p>\n\n\n\n<figure class=\"wp-block-image is-resized is-style-default\"><img loading=\"lazy\" decoding=\"async\" src=\"https:\/\/blogs.fu-berlin.de\/dachadobeconnect\/files\/2020\/06\/foto_damla.jpg\" alt=\"\" class=\"wp-image-1537\" width=\"246\" height=\"164\" srcset=\"https:\/\/blogs.fu-berlin.de\/dachadobeconnect\/files\/2020\/06\/foto_damla.jpg 492w, https:\/\/blogs.fu-berlin.de\/dachadobeconnect\/files\/2020\/06\/foto_damla-300x200.jpg 300w\" sizes=\"auto, (max-width: 246px) 85vw, 246px\" \/><\/figure>\n\n\n\n<p>Alle interessierten Kolleginnen und Kollegen sind herzlich eingeladen. Die Teilnahme ist wie immer kostenfrei.<\/p>\n\n\n\n<p>Weitere Informationen finden Sie auch unter <a href=\"https:\/\/blogs.fu-berlin.de\/dachadobeconnect\/programm\/\">Programm<\/a>.<\/p>\n\n\n\n<p>Link zum Online-Raum: <a rel=\"noreferrer noopener\" href=\"https:\/\/emeeting.fernuni-hagen.de\/ac-dach-nutzergruppe\" target=\"_blank\">https:\/\/emeeting.fernuni-hagen.de\/ac-dach-nutzergruppe<\/a><\/p>\n","protected":false},"excerpt":{"rendered":"<p>Mittwoch, 01. Juli 2020, 15.30 \u2013 16.30 Uhr \u201eLernvideos? Do-it-yourself in der VBOX!\u201d Die VBOX ist eine schallged\u00e4mmte Studiokabine, die mit professioneller Audio- und Videotechnik ausgestattet ist und an der Universit\u00e4t G\u00f6ttingen zur Verf\u00fcgung steht. In diesem Online-Seminar wird erl\u00e4utert, wie die Universit\u00e4t G\u00f6ttingen auf die Idee kam, die VBOX zu erwerben; welche Nutzungsszenarien, einschlie\u00dflich &hellip; <a href=\"https:\/\/blogs.fu-berlin.de\/dachadobeconnect\/2020\/06\/24\/zweites-webinar-im-sose-2020-am-01-07-2020\/\" class=\"more-link\">Continue reading<span class=\"screen-reader-text\"> &#8220;Zweites Online-Seminar im SoSe 2020 am 01.07.2020&#8221;<\/span><\/a><\/p>\n","protected":false},"author":2870,"featured_media":0,"comment_status":"open","ping_status":"open","sticky":false,"template":"","format":"standard","meta":{"footnotes":""},"categories":[9],"tags":[233],"class_list":["post-1536","post","type-post","status-publish","format-standard","hentry","category-allgemein","tag-video"],"_links":{"self":[{"href":"https:\/\/blogs.fu-berlin.de\/dachadobeconnect\/wp-json\/wp\/v2\/posts\/1536","targetHints":{"allow":["GET"]}}],"collection":[{"href":"https:\/\/blogs.fu-berlin.de\/dachadobeconnect\/wp-json\/wp\/v2\/posts"}],"about":[{"href":"https:\/\/blogs.fu-berlin.de\/dachadobeconnect\/wp-json\/wp\/v2\/types\/post"}],"author":[{"embeddable":true,"href":"https:\/\/blogs.fu-berlin.de\/dachadobeconnect\/wp-json\/wp\/v2\/users\/2870"}],"replies":[{"embeddable":true,"href":"https:\/\/blogs.fu-berlin.de\/dachadobeconnect\/wp-json\/wp\/v2\/comments?post=1536"}],"version-history":[{"count":16,"href":"https:\/\/blogs.fu-berlin.de\/dachadobeconnect\/wp-json\/wp\/v2\/posts\/1536\/revisions"}],"predecessor-version":[{"id":1684,"href":"https:\/\/blogs.fu-berlin.de\/dachadobeconnect\/wp-json\/wp\/v2\/posts\/1536\/revisions\/1684"}],"wp:attachment":[{"href":"https:\/\/blogs.fu-berlin.de\/dachadobeconnect\/wp-json\/wp\/v2\/media?parent=1536"}],"wp:term":[{"taxonomy":"category","embeddable":true,"href":"https:\/\/blogs.fu-berlin.de\/dachadobeconnect\/wp-json\/wp\/v2\/categories?post=1536"},{"taxonomy":"post_tag","embeddable":true,"href":"https:\/\/blogs.fu-berlin.de\/dachadobeconnect\/wp-json\/wp\/v2\/tags?post=1536"}],"curies":[{"name":"wp","href":"https:\/\/api.w.org\/{rel}","templated":true}]}}