{"id":1663,"date":"2020-10-19T10:00:00","date_gmt":"2020-10-19T08:00:00","guid":{"rendered":"https:\/\/blogs.fu-berlin.de\/dachadobeconnect\/?p=1663"},"modified":"2020-10-23T09:05:39","modified_gmt":"2020-10-23T07:05:39","slug":"zweites-online-seminar-im-wise-2020-21-am-28-10-2020","status":"publish","type":"post","link":"https:\/\/blogs.fu-berlin.de\/dachadobeconnect\/2020\/10\/19\/zweites-online-seminar-im-wise-2020-21-am-28-10-2020\/","title":{"rendered":"Zweites Online-Seminar im WiSe 2020\/21 am 28.10.2020"},"content":{"rendered":"\n<h3 class=\"wp-block-heading\">Mittwoch, 28.10.2020, 15.30 Uhr <\/h3>\n\n\n\n<p><strong>Thema: &#8220;Videokonferenzsystem Jitsi&#8221;<\/strong><\/p>\n\n\n\n<p>Seit dem Corona-Ausbruch ist der Bedarf an Videokonferenzen starkgestiegen. Unter den bekannten Systemen ist hier auch Jitsi vertreten. <\/p>\n\n\n\n<p>Durch sein offenes Design und seine einfache Funktionalit\u00e4t verh\u00e4lt es sich etwas anders als andere Videokonferenzsysteme.<\/p>\n\n\n\n<p>In diesem Vortrag geht es um die Einsatzm\u00f6glichkeiten von Jitsi, gerade auch im Hinblick auf aktuelle Datenschutzdiskussionen bei anderen Plattformen.<\/p>\n\n\n\n<p>Wer im Vorfeld bereits Jitsi kostenfrei ausprobieren m\u00f6chte, kann dies unter folgender URL gern tun: <a href=\"https:\/\/meet.jit.si\/\">https:\/\/meet.jit.si\/<\/a> <\/p>\n\n\n\n<p><strong>Referent: <\/strong>Aleksander Paravac, Universit\u00e4t W\u00fcrzburg, Rechenzentrum: Zentrale und dezentrale Dienste (<a rel=\"noreferrer noopener\" href=\"https:\/\/www.rz.uni-wuerzburg.de\/wir\/mitarbeiter\/system\/\" target=\"_blank\">https:\/\/www.rz.uni-wuerzburg.de\/wir\/mitarbeiter\/system\/<\/a>)<\/p>\n\n\n\n<figure class=\"wp-block-image size-large is-resized is-style-default\"><img loading=\"lazy\" decoding=\"async\" src=\"https:\/\/blogs.fu-berlin.de\/dachadobeconnect\/files\/2020\/10\/aparavac_web_klein.jpeg\" alt=\"\" class=\"wp-image-1664\" width=\"210\" height=\"235\" srcset=\"https:\/\/blogs.fu-berlin.de\/dachadobeconnect\/files\/2020\/10\/aparavac_web_klein.jpeg 280w, https:\/\/blogs.fu-berlin.de\/dachadobeconnect\/files\/2020\/10\/aparavac_web_klein-268x300.jpeg 268w\" sizes=\"auto, (max-width: 210px) 85vw, 210px\" \/><\/figure>\n\n\n\n<p>URL der Veranstaltung: <a href=\"https:\/\/webconf.vc.dfn.de\/dachadobeconnect\/\" target=\"_blank\" rel=\"noreferrer noopener\">https:\/\/webconf.vc.dfn.de\/dachadobeconnect\/<\/a><\/p>\n\n\n\n<p>Der Vortrag wird aufgezeichnet und in unserem Blog unter \u201cR\u00fcckblick\u201d ver\u00f6ffentlicht.<\/p>\n\n\n\n<p>Alle interessierten Kolleginnen und Kollegen sind herzlich eingeladen. Die Teilnahme ist wie immer kostenfrei.<\/p>\n\n\n\n<p>Weitere Informationen finden Sie auch unter <a href=\"https:\/\/blogs.fu-berlin.de\/dachadobeconnect\/programm\/\">Programm<\/a>.<\/p>\n","protected":false},"excerpt":{"rendered":"<p>Mittwoch, 28.10.2020, 15.30 Uhr Thema: &#8220;Videokonferenzsystem Jitsi&#8221; Seit dem Corona-Ausbruch ist der Bedarf an Videokonferenzen starkgestiegen. Unter den bekannten Systemen ist hier auch Jitsi vertreten. Durch sein offenes Design und seine einfache Funktionalit\u00e4t verh\u00e4lt es sich etwas anders als andere Videokonferenzsysteme. In diesem Vortrag geht es um die Einsatzm\u00f6glichkeiten von Jitsi, gerade auch im Hinblick &hellip; <a href=\"https:\/\/blogs.fu-berlin.de\/dachadobeconnect\/2020\/10\/19\/zweites-online-seminar-im-wise-2020-21-am-28-10-2020\/\" class=\"more-link\">Continue reading<span class=\"screen-reader-text\"> &#8220;Zweites Online-Seminar im WiSe 2020\/21 am 28.10.2020&#8221;<\/span><\/a><\/p>\n","protected":false},"author":2870,"featured_media":0,"comment_status":"open","ping_status":"open","sticky":false,"template":"","format":"standard","meta":{"footnotes":""},"categories":[9],"tags":[328179],"class_list":["post-1663","post","type-post","status-publish","format-standard","hentry","category-allgemein","tag-jitsi"],"_links":{"self":[{"href":"https:\/\/blogs.fu-berlin.de\/dachadobeconnect\/wp-json\/wp\/v2\/posts\/1663","targetHints":{"allow":["GET"]}}],"collection":[{"href":"https:\/\/blogs.fu-berlin.de\/dachadobeconnect\/wp-json\/wp\/v2\/posts"}],"about":[{"href":"https:\/\/blogs.fu-berlin.de\/dachadobeconnect\/wp-json\/wp\/v2\/types\/post"}],"author":[{"embeddable":true,"href":"https:\/\/blogs.fu-berlin.de\/dachadobeconnect\/wp-json\/wp\/v2\/users\/2870"}],"replies":[{"embeddable":true,"href":"https:\/\/blogs.fu-berlin.de\/dachadobeconnect\/wp-json\/wp\/v2\/comments?post=1663"}],"version-history":[{"count":7,"href":"https:\/\/blogs.fu-berlin.de\/dachadobeconnect\/wp-json\/wp\/v2\/posts\/1663\/revisions"}],"predecessor-version":[{"id":1683,"href":"https:\/\/blogs.fu-berlin.de\/dachadobeconnect\/wp-json\/wp\/v2\/posts\/1663\/revisions\/1683"}],"wp:attachment":[{"href":"https:\/\/blogs.fu-berlin.de\/dachadobeconnect\/wp-json\/wp\/v2\/media?parent=1663"}],"wp:term":[{"taxonomy":"category","embeddable":true,"href":"https:\/\/blogs.fu-berlin.de\/dachadobeconnect\/wp-json\/wp\/v2\/categories?post=1663"},{"taxonomy":"post_tag","embeddable":true,"href":"https:\/\/blogs.fu-berlin.de\/dachadobeconnect\/wp-json\/wp\/v2\/tags?post=1663"}],"curies":[{"name":"wp","href":"https:\/\/api.w.org\/{rel}","templated":true}]}}